{"id":3488,"count":1,"description":"","link":"https:\/\/ademocut.com\/video\/tag\/kayit-defteri-girdisi\/","name":"KAYIT DEFTER\u0130 G\u0130RD\u0130S\u0130","slug":"kayit-defteri-girdisi","taxonomy":"post_tag","meta":[],"_links":{"self":[{"href":"https:\/\/ademocut.com\/video\/wp-json\/wp\/v2\/tags\/3488","targetHints":{"allow":["GET"]}}],"collection":[{"href":"https:\/\/ademocut.com\/video\/wp-json\/wp\/v2\/tags"}],"about":[{"href":"https:\/\/ademocut.com\/video\/wp-json\/wp\/v2\/taxonomies\/post_tag"}],"wp:post_type":[{"href":"https:\/\/ademocut.com\/video\/wp-json\/wp\/v2\/posts?tags=3488"}],"curies":[{"name":"wp","href":"https:\/\/api.w.org\/{rel}","templated":true}]}}