{"id":821,"date":"2018-07-06T23:44:10","date_gmt":"2018-07-06T20:44:10","guid":{"rendered":"https:\/\/ademocut.com\/blog\/?p=821"},"modified":"2021-01-07T19:46:30","modified_gmt":"2021-01-07T16:46:30","slug":"facebook-satin-almak-istiyorum","status":"publish","type":"post","link":"https:\/\/ademocut.com\/blog\/facebook-satin-almak-istiyorum\/","title":{"rendered":"Facebook sat\u0131n almak istiyorum"},"content":{"rendered":"<p>Son g\u00fcnlerde Facebook \u00fczerinde farkl\u0131 farkl\u0131 sayfalar\u0131n h\u0131zla y\u00fckseldi\u011fini g\u00f6rmektesiniz. Bu sayfalar yapt\u0131klar\u0131 g\u00f6nderiler ve takip\u00e7i odakl\u0131 payla\u015f\u0131m ile k\u0131sa s\u00fcre i\u00e7erisinde y\u00fckselmeye ba\u015flayan sayfalard\u0131r. Fakat bu sayfalar\u0131 e\u015fsiz k\u0131lan as\u0131l \u00f6zellik takip\u00e7i, yorum ve be\u011feni say\u0131lar\u0131d\u0131r.<\/p>\n<p>E\u011fer bu 3 de\u011fer, ideal seviyede ise, takip\u00e7iler k\u0131sa s\u00fcre i\u00e7erisinde sayfa sizin sayfan\u0131z\u0131 ke\u015ffedecektir. Bu s\u00fcreci h\u0131zland\u0131rmak i\u00e7in <span style=\"color: #0000ff;\"><strong>facebook be\u011feni sat\u0131n al<\/strong> <\/span>gibi hizmetlerden faydalanabilirsiniz.<\/p>\n<p>\u00c7e\u015fitli hizmetler ile y\u00fckseltebilece\u011finizi Facebook sayfalar\u0131n\u0131z\u0131 geni\u015f kitlelere duyurabilirsiniz. Sizin gibi pop\u00fcler olan di\u011fer sayfalar\u0131 inceledi\u011finizde sayfalar\u0131n d\u00fczenli olarak g\u00f6nderi payla\u015f\u0131m\u0131nda bulundu\u011funu fark edebilirsiniz.<\/p>\n<p>Siz de sayfan\u0131z\u0131n hitap etti\u011fi kitleye y\u00f6nelik d\u00fczenli payla\u015f\u0131mlarda bulunabilirsiniz.<br \/>\nFacebook&#8217;da ak\u0131lda kal\u0131c\u0131 olabilmek i\u00e7in d\u00fczenli payla\u015f\u0131mlarda bulunmak yeterli olmayabilir. Bu nedenle Facebook i\u00e7in sunulan hizmetlerin tamam\u0131ndan faydalanman\u0131z gerekecektir.<\/p>\n<p>Facebook be\u011feni sat\u0131n al hizmeti ile sayfan\u0131zda aktif bir g\u00f6r\u00fcn\u00fcm sa\u011flayabilir, g\u00f6nderilerinizin alt\u0131nda yorumlar bulundurabilirsiniz. Tamamen ger\u00e7ek kullan\u0131c\u0131lar taraf\u0131ndan yap\u0131lan yorumlar, sizi \u00f6n plana \u00e7\u0131karabilecek en \u00f6nemli unsurlardand\u0131r.<\/p>\n<p>Yorum, be\u011feni ve takip\u00e7i say\u0131n\u0131z\u0131 artt\u0131rarak Facebook&#8217;un b\u00fcy\u00fcyen kitlelerine d\u00e2hil olabilirsiniz. Bu toplulukta farkl\u0131 bir ilerleyi\u015f kaydederek kullan\u0131c\u0131lar\u0131n\u0131z\u0131n sizi daha s\u0131k takip etmesini sa\u011flaman\u0131zda m\u00fcmk\u00fcnd\u00fcr. Yapaca\u011f\u0131n\u0131z payla\u015f\u0131mlarda ilgi g\u00f6ren i\u00e7eriklerinizin \u00fczerinden yeni i\u00e7erikler \u00fcretmeye \u00f6zen g\u00f6stermelisiniz.<\/p>\n<p>Siz de s\u0131f\u0131rdan ba\u015flayarak zirveye ula\u015fabilir, uygun fiyatl\u0131 hizmetlerden faydalanarak k\u0131sa s\u00fcre i\u00e7erisinde fenomen olabilirsiniz.<\/p>\n<p><strong><span style=\"color: #0000ff;\">ademocut.com<\/span><\/strong><\/p>\n","protected":false},"excerpt":{"rendered":"<p>Son g\u00fcnlerde Facebook \u00fczerinde farkl\u0131 farkl\u0131 sayfalar\u0131n h\u0131zla y\u00fckseldi\u011fini g\u00f6rmektesiniz. Bu sayfalar yapt\u0131klar\u0131 g\u00f6nderiler ve takip\u00e7i odakl\u0131 payla\u015f\u0131m ile k\u0131sa s\u00fcre i\u00e7erisinde y\u00fckselmeye ba\u015flayan sayfalard\u0131r. Fakat bu sayfalar\u0131 e\u015fsiz k\u0131lan as\u0131l \u00f6zellik takip\u00e7i, yorum ve be\u011feni say\u0131lar\u0131d\u0131r. E\u011fer bu 3 de\u011fer, ideal seviyede ise, takip\u00e7iler k\u0131sa s\u00fcre i\u00e7erisinde sayfa sizin sayfan\u0131z\u0131 ke\u015ffedecektir. Bu s\u00fcreci h\u0131zland\u0131rmak [&hellip;]<\/p>\n","protected":false},"author":1,"featured_media":0,"comment_status":"open","ping_status":"open","sticky":false,"template":"","format":"standard","meta":{"footnotes":""},"categories":[13],"tags":[464],"class_list":["post-821","post","type-post","status-publish","format-standard","hentry","category-internet","tag-facebook-begeni-satin-alma"],"_links":{"self":[{"href":"https:\/\/ademocut.com\/blog\/wp-json\/wp\/v2\/posts\/821","targetHints":{"allow":["GET"]}}],"collection":[{"href":"https:\/\/ademocut.com\/blog\/wp-json\/wp\/v2\/posts"}],"about":[{"href":"https:\/\/ademocut.com\/blog\/wp-json\/wp\/v2\/types\/post"}],"author":[{"embeddable":true,"href":"https:\/\/ademocut.com\/blog\/wp-json\/wp\/v2\/users\/1"}],"replies":[{"embeddable":true,"href":"https:\/\/ademocut.com\/blog\/wp-json\/wp\/v2\/comments?post=821"}],"version-history":[{"count":4,"href":"https:\/\/ademocut.com\/blog\/wp-json\/wp\/v2\/posts\/821\/revisions"}],"predecessor-version":[{"id":3067,"href":"https:\/\/ademocut.com\/blog\/wp-json\/wp\/v2\/posts\/821\/revisions\/3067"}],"wp:attachment":[{"href":"https:\/\/ademocut.com\/blog\/wp-json\/wp\/v2\/media?parent=821"}],"wp:term":[{"taxonomy":"category","embeddable":true,"href":"https:\/\/ademocut.com\/blog\/wp-json\/wp\/v2\/categories?post=821"},{"taxonomy":"post_tag","embeddable":true,"href":"https:\/\/ademocut.com\/blog\/wp-json\/wp\/v2\/tags?post=821"}],"curies":[{"name":"wp","href":"https:\/\/api.w.org\/{rel}","templated":true}]}}