{"id":7475,"date":"2026-04-17T18:49:00","date_gmt":"2026-04-17T15:49:00","guid":{"rendered":"https:\/\/ademocut.com\/blog\/?p=7475"},"modified":"2026-04-29T20:53:00","modified_gmt":"2026-04-29T17:53:00","slug":"sac-ekimi-fiyatlari-neye-gore-degisir","status":"publish","type":"post","link":"https:\/\/ademocut.com\/blog\/sac-ekimi-fiyatlari-neye-gore-degisir\/","title":{"rendered":"Sa\u00e7 Ekimi Fiyatlar\u0131 Neye G\u00f6re De\u011fi\u015fir?"},"content":{"rendered":"<p>Sa\u00e7 ekimi fiyatlar\u0131, sabit bir tarifeye ba\u011fl\u0131 de\u011fildir. Her bireyin ihtiyac\u0131 farkl\u0131 oldu\u011fu i\u00e7in fiyatlar da buna g\u00f6re de\u011fi\u015fiklik g\u00f6sterir.<\/p>\n<p>En \u00f6nemli fakt\u00f6rlerden biri ekilecek greft say\u0131s\u0131d\u0131r. A\u00e7\u0131k alan ne kadar geni\u015fse, ihtiya\u00e7 duyulan greft say\u0131s\u0131 da o kadar artar. Bu da fiyat\u0131 do\u011frudan etkiler.<\/p>\n<p>Kullan\u0131lan teknik de fiyat \u00fczerinde belirleyicidir. DHI gibi daha hassas ve yo\u011fun teknikler genellikle daha maliyetlidir.<\/p>\n<p>Ayr\u0131ca klini\u011fin deneyimi, doktorun uzmanl\u0131\u011f\u0131 ve sunulan hizmetin kapsam\u0131 da fiyat\u0131 etkiler. Baz\u0131 klinikler konaklama, transfer ve bak\u0131m hizmetlerini de paket halinde sunar.<\/p>\n<p>Bu y\u00fczden sa\u00e7 ekimi yapt\u0131r\u0131rken sadece fiyat odakl\u0131 de\u011fil, kalite odakl\u0131 bir de\u011ferlendirme yapmak \u00e7ok daha sa\u011fl\u0131kl\u0131 olur.<\/p>\n<h2>Sa\u00e7 Ekimi \u00d6ncesi Bilinmesi Gerekenler<\/h2>\n<p>Sa\u00e7 ekimi yapt\u0131rmadan \u00f6nce en \u00f6nemli konu, beklentilerin ger\u00e7ek\u00e7i olmas\u0131d\u0131r. Her bireyin sa\u00e7 yap\u0131s\u0131, d\u00f6k\u00fclme tipi ve don\u00f6r b\u00f6lgesi farkl\u0131d\u0131r. Bu nedenle sonu\u00e7lar ki\u015fiden ki\u015fiye de\u011fi\u015febilir.<\/p>\n<p>Don\u00f6r alan\u0131n yeterli olmas\u0131, ba\u015far\u0131l\u0131 bir sonu\u00e7 i\u00e7in kritik \u00f6neme sahiptir. Ayr\u0131ca sa\u00e7 \u00e7izgisinin do\u011fru planlanmas\u0131 da olduk\u00e7a \u00f6nemlidir. Yapay bir sa\u00e7 \u00e7izgisi, t\u00fcm estetik g\u00f6r\u00fcn\u00fcm\u00fc olumsuz etkileyebilir.<\/p>\n<p>Bu nedenle sadece teknik de\u011fil, estetik a\u00e7\u0131dan da g\u00fc\u00e7l\u00fc bir ekiple \u00e7al\u0131\u015fmak gerekir.<\/p>\n<h2>En \u0130yi 10 Sa\u00e7 Ekimi Klini\u011fi<\/h2>\n<h2>1. Yetkin Bayer Hair Clinic<\/h2>\n<p>Uluslararas\u0131 hasta kitlesine sahip olan Yetkin Bayer Hair Clinic, <span style=\"color: #0000ff;\"><strong><a style=\"color: #0000ff;\" href=\"https:\/\/www.yetkinbayer.com\/tr\/sac-ekimi\/\">sa\u00e7 ekimi<\/a> <\/strong><\/span>alan\u0131nda en \u00e7ok tercih edilen merkezlerden biri. \u00d6zellikle do\u011fal sa\u00e7 \u00e7izgisi tasar\u0131m\u0131 ve yo\u011fun ekim teknikleri ile \u00f6ne \u00e7\u0131k\u0131yor. Hastaya \u00f6zel planlama yap\u0131lmas\u0131 ve s\u00fcre\u00e7 boyunca detayl\u0131 bilgilendirme sunulmas\u0131, g\u00fcven veren bir yakla\u015f\u0131m olu\u015fturuyor.<\/p>\n<h2>2. \u0130stanbul Hair Design Center<\/h2>\n<p>Ki\u015fiye \u00f6zel sa\u00e7 tasar\u0131m\u0131 ile dikkat \u00e7eker. \u00d6zellikle \u00f6n sa\u00e7 hatt\u0131nda do\u011fal sonu\u00e7lar elde etme konusunda ba\u015far\u0131l\u0131d\u0131r.<\/p>\n<h2>3. Golden Graft Clinic<\/h2>\n<p>Yo\u011fun ekim teknikleri ile bilinir. Geni\u015f a\u00e7\u0131kl\u0131klarda bile tatmin edici dolgunluk sa\u011flar.<\/p>\n<h2>4. Nova Hair Studio<\/h2>\n<p>Modern cihazlar ve g\u00fcncel teknikler kullan\u0131r. Konforlu bir s\u00fcre\u00e7 sunmas\u0131yla tercih edilir.<\/p>\n<h2>5. Hairline Plus<\/h2>\n<p>Sa\u00e7 \u00e7izgisi planlamas\u0131na verdi\u011fi \u00f6nem ile \u00f6ne \u00e7\u0131kar. Estetik a\u00e7\u0131dan dengeli sonu\u00e7lar sunar.<\/p>\n<h2>6. Elite Sa\u00e7 Merkezi<\/h2>\n<p>Uzman kadrosu ile ki\u015fiye \u00f6zel \u00e7\u00f6z\u00fcmler \u00fcretir. Operasyon sonras\u0131 takip s\u00fcreci olduk\u00e7a detayl\u0131d\u0131r.<\/p>\n<h2>7. BioRoot Hair Clinic<\/h2>\n<p>Do\u011fal yakla\u015f\u0131mlar\u0131 benimser. Sa\u00e7 sa\u011fl\u0131\u011f\u0131n\u0131 koruyarak ekim s\u00fcrecini planlar.<\/p>\n<h2>8. \u0130stanbul Greft Studio<\/h2>\n<p>Uzun y\u0131llara dayanan deneyimi ile g\u00fcven verir. Klasik ve modern teknikleri birlikte kullan\u0131r.<\/p>\n<h2>9. HairFix Center<\/h2>\n<p>Minimal invaziv y\u00f6ntemler kullanarak daha h\u0131zl\u0131 iyile\u015fme s\u00fcreci sa\u011flar.<\/p>\n<h2>10. Perfect Hair Design<\/h2>\n<p>Estetik bak\u0131\u015f a\u00e7\u0131s\u0131 g\u00fc\u00e7l\u00fc bir ekip ile \u00e7al\u0131\u015f\u0131r. Sa\u00e7 yo\u011funlu\u011fu ve y\u00f6n\u00fc konusunda detayl\u0131 planlama yapar.<\/p>\n<h2>Sa\u00e7 Ekimi Sonras\u0131 S\u00fcre\u00e7 Nas\u0131l \u0130lerler?<\/h2>\n<p>Sa\u00e7 ekimi sonras\u0131 ilk birka\u00e7 g\u00fcn olduk\u00e7a hassast\u0131r. Bu d\u00f6nemde ekilen sa\u00e7 k\u00f6klerinin korunmas\u0131 gerekir. Genellikle ilk y\u0131kama klinik taraf\u0131ndan yap\u0131l\u0131r ve sonras\u0131nda bak\u0131m s\u00fcreci detayl\u0131 \u015fekilde anlat\u0131l\u0131r.<\/p>\n<p>\u0130lk 10 g\u00fcn i\u00e7inde kabuklanmalar olu\u015fur ve ard\u0131ndan d\u00f6k\u00fcl\u00fcr. Daha sonra \u201c\u015fok d\u00f6k\u00fclme\u201d s\u00fcreci ba\u015flar. Bu, ekilen sa\u00e7lar\u0131n ge\u00e7ici olarak d\u00f6k\u00fclmesidir ve tamamen normaldir.<\/p>\n<p>Yakla\u015f\u0131k 3. aydan itibaren yeni sa\u00e7lar \u00e7\u0131kmaya ba\u015flar. 6. ayda g\u00f6zle g\u00f6r\u00fcl\u00fcr bir de\u011fi\u015fim olur. 1 y\u0131l\u0131n sonunda ise sonu\u00e7lar b\u00fcy\u00fck \u00f6l\u00e7\u00fcde netle\u015fir.<\/p>\n<h2>Sa\u00e7 Ekimi Kal\u0131c\u0131 m\u0131?<\/h2>\n<p>Evet, sa\u00e7 ekimi kal\u0131c\u0131 bir \u00e7\u00f6z\u00fcmd\u00fcr. \u00c7\u00fcnk\u00fc ekilen sa\u00e7 k\u00f6kleri genetik olarak d\u00f6k\u00fclmeye kar\u015f\u0131 diren\u00e7lidir. Ancak mevcut sa\u00e7lar\u0131n korunmas\u0131 i\u00e7in ek destek tedaviler gerekebilir.<\/p>\n<p>Bu nedenle sa\u00e7 ekimi sonras\u0131 bak\u0131m s\u00fcreci de en az operasyon kadar \u00f6nemlidir.<\/p>\n<h2>Sa\u00e7 ekimi ac\u0131 verir mi?<\/h2>\n<p>\u0130\u015flem lokal anestezi alt\u0131nda yap\u0131l\u0131r, bu nedenle a\u011fr\u0131 hissedilmez. Sonras\u0131nda hafif hassasiyet olabilir.<\/p>\n<h2>Sa\u00e7 ekimi ka\u00e7 saat s\u00fcrer?<\/h2>\n<p>Genellikle 6-8 saat aras\u0131nda tamamlan\u0131r.<\/p>\n<h2>Sa\u00e7lar ne zaman \u00e7\u0131kar?<\/h2>\n<ol start=\"3\">\n<li>aydan itibaren \u00e7\u0131kmaya ba\u015flar, 12 ayda tam sonu\u00e7 al\u0131n\u0131r.<\/li>\n<\/ol>\n<h2>Tek seans yeterli mi?<\/h2>\n<p>\u00c7o\u011fu ki\u015fi i\u00e7in evet, ancak baz\u0131 durumlarda ikinci seans gerekebilir.<\/p>\n<h2>Sa\u00e7 ekimi sonras\u0131 iz kal\u0131r m\u0131?<\/h2>\n<p>Modern tekniklerde iz kalma ihtimali olduk\u00e7a d\u00fc\u015f\u00fckt\u00fcr.<\/p>\n<p>&nbsp;<\/p>\n","protected":false},"excerpt":{"rendered":"<p>Sa\u00e7 ekimi fiyatlar\u0131, sabit bir tarifeye ba\u011fl\u0131 de\u011fildir. Her bireyin ihtiyac\u0131 farkl\u0131 oldu\u011fu i\u00e7in fiyatlar da buna g\u00f6re de\u011fi\u015fiklik g\u00f6sterir. En \u00f6nemli fakt\u00f6rlerden biri ekilecek greft say\u0131s\u0131d\u0131r. A\u00e7\u0131k alan ne kadar geni\u015fse, ihtiya\u00e7 duyulan greft say\u0131s\u0131 da o kadar artar. Bu da fiyat\u0131 do\u011frudan etkiler. Kullan\u0131lan teknik de fiyat \u00fczerinde belirleyicidir. DHI gibi daha hassas [&hellip;]<\/p>\n","protected":false},"author":1,"featured_media":7477,"comment_status":"open","ping_status":"open","sticky":false,"template":"","format":"standard","meta":{"footnotes":""},"categories":[10],"tags":[3169,3167,3789,3013],"class_list":["post-7475","post","type-post","status-publish","format-standard","has-post-thumbnail","hentry","category-saglik","tag-dhi-teknigi","tag-greft-sayisi","tag-sac-cizgisi","tag-sac-ekimi-2"],"_links":{"self":[{"href":"https:\/\/ademocut.com\/blog\/wp-json\/wp\/v2\/posts\/7475","targetHints":{"allow":["GET"]}}],"collection":[{"href":"https:\/\/ademocut.com\/blog\/wp-json\/wp\/v2\/posts"}],"about":[{"href":"https:\/\/ademocut.com\/blog\/wp-json\/wp\/v2\/types\/post"}],"author":[{"embeddable":true,"href":"https:\/\/ademocut.com\/blog\/wp-json\/wp\/v2\/users\/1"}],"replies":[{"embeddable":true,"href":"https:\/\/ademocut.com\/blog\/wp-json\/wp\/v2\/comments?post=7475"}],"version-history":[{"count":1,"href":"https:\/\/ademocut.com\/blog\/wp-json\/wp\/v2\/posts\/7475\/revisions"}],"predecessor-version":[{"id":7476,"href":"https:\/\/ademocut.com\/blog\/wp-json\/wp\/v2\/posts\/7475\/revisions\/7476"}],"wp:featuredmedia":[{"embeddable":true,"href":"https:\/\/ademocut.com\/blog\/wp-json\/wp\/v2\/media\/7477"}],"wp:attachment":[{"href":"https:\/\/ademocut.com\/blog\/wp-json\/wp\/v2\/media?parent=7475"}],"wp:term":[{"taxonomy":"category","embeddable":true,"href":"https:\/\/ademocut.com\/blog\/wp-json\/wp\/v2\/categories?post=7475"},{"taxonomy":"post_tag","embeddable":true,"href":"https:\/\/ademocut.com\/blog\/wp-json\/wp\/v2\/tags?post=7475"}],"curies":[{"name":"wp","href":"https:\/\/api.w.org\/{rel}","templated":true}]}}