{"id":7472,"date":"2026-04-16T20:43:21","date_gmt":"2026-04-16T17:43:21","guid":{"rendered":"https:\/\/ademocut.com\/blog\/?p=7472"},"modified":"2026-04-29T20:49:00","modified_gmt":"2026-04-29T17:49:00","slug":"lazer-epilasyon-nasil-calisir","status":"publish","type":"post","link":"https:\/\/ademocut.com\/blog\/lazer-epilasyon-nasil-calisir\/","title":{"rendered":"Lazer epilasyon nas\u0131l \u00e7al\u0131\u015f\u0131r ve neden tercih edilir?"},"content":{"rendered":"<p>Lazer epilasyon, k\u0131l k\u00f6klerini hedef alan \u0131\u015f\u0131k teknolojisi ile \u00e7al\u0131\u015fan bir uygulamad\u0131r. Lazer \u0131\u015f\u0131nlar\u0131, k\u0131l k\u00f6k\u00fcndeki melanin pigmenti taraf\u0131ndan emilir ve bu sayede k\u00f6kler zay\u0131flat\u0131larak zamanla yok edilir. Bu y\u00f6ntem, t\u0131ra\u015f, a\u011fda veya epilat\u00f6r gibi ge\u00e7ici \u00e7\u00f6z\u00fcmlere g\u00f6re \u00e7ok daha uzun s\u00fcreli sonu\u00e7lar sunar. \u00d6zellikle yo\u011fun ve h\u0131zl\u0131 uzayan t\u00fcylerden kurtulmak isteyen ki\u015filer i\u00e7in olduk\u00e7a etkili bir y\u00f6ntemdir.<\/p>\n<h2>Lazer epilasyon ka\u00e7 seansta sonu\u00e7 verir?<\/h2>\n<p>K\u0131l yap\u0131s\u0131, cilt tipi ve uygulama b\u00f6lgesine g\u00f6re de\u011fi\u015fmekle birlikte genellikle 6-8 seans \u00f6nerilir. \u00c7\u00fcnk\u00fc k\u0131llar farkl\u0131 b\u00fcy\u00fcme evrelerinde bulunur ve lazer en \u00e7ok aktif b\u00fcy\u00fcme d\u00f6nemindeki k\u0131llara etki eder. D\u00fczenli <span style=\"color: #0000ff;\"><strong><a style=\"color: #0000ff;\" href=\"https:\/\/www.uniquestetik.com\/lazer-epilasyon\/\">lazer epilasyon<\/a><\/strong><\/span> seanslar\u0131 k\u0131llarda belirgin azalma ve incelme g\u00f6r\u00fcl\u00fcr.<\/p>\n<h2>Lazer epilasyon sonras\u0131 nelere dikkat edilmelidir?<\/h2>\n<p>\u0130\u015flem sonras\u0131 cilt hassas olabilece\u011fi i\u00e7in g\u00fcne\u015ften korunmak olduk\u00e7a \u00f6nemlidir. Ayr\u0131ca ilk g\u00fcnlerde s\u0131cak du\u015f, sauna ve yo\u011fun egzersizden ka\u00e7\u0131n\u0131lmas\u0131 \u00f6nerilir. Nemlendirici kullan\u0131m\u0131 da cildin rahatlamas\u0131na yard\u0131mc\u0131 olur.<\/p>\n<h2>Hydrafacial uygulamas\u0131 cilde nas\u0131l etki eder?<\/h2>\n<p>Hydrafacial, cildi temizleyen, nemlendiren ve besleyen \u00e7ok a\u015famal\u0131 bir bak\u0131m y\u00f6ntemidir. Vakum teknolojisi ile g\u00f6zenekler temizlenirken ayn\u0131 anda cilde \u00f6zel serumlar verilir. Bu sayede cilt hem ar\u0131n\u0131r hem de ihtiya\u00e7 duydu\u011fu nem ve vitaminleri kazan\u0131r. \u0130\u015flem sonras\u0131 cilt daha parlak, canl\u0131 ve sa\u011fl\u0131kl\u0131 bir g\u00f6r\u00fcn\u00fcm elde eder.<\/p>\n<h2>Hydrafacial hangi cilt tipleri i\u00e7in uygundur?<\/h2>\n<p>T\u00fcm cilt tiplerine uygulanabilen bir bak\u0131m y\u00f6ntemidir. Ya\u011fl\u0131, kuru, hassas veya akneye e\u011filimli ciltlerde g\u00fcvenle kullan\u0131labilir. Ayr\u0131ca leke, siyah nokta ve ince k\u0131r\u0131\u015f\u0131kl\u0131k gibi sorunlara kar\u015f\u0131 da destekleyici bir etki sa\u011flar.<\/p>\n<h2>Hydrafacial ne s\u0131kl\u0131kla yap\u0131lmal\u0131d\u0131r?<\/h2>\n<p>Genellikle ayda bir kez uygulanmas\u0131 \u00f6nerilir. D\u00fczenli yap\u0131ld\u0131\u011f\u0131nda cilt kalitesinde g\u00f6zle g\u00f6r\u00fcl\u00fcr bir iyile\u015fme sa\u011flan\u0131r ve uzun vadede daha sa\u011fl\u0131kl\u0131 bir cilt elde edilir.<\/p>\n<h2>Protez t\u0131rnak nedir ve neden tercih edilir?<\/h2>\n<p>Protez t\u0131rnak, do\u011fal t\u0131rnak \u00fczerine uygulanan jel veya akrilik sistemler ile yap\u0131lan estetik bir i\u015flemdir. K\u0131r\u0131lgan, k\u0131sa veya \u015fekil olarak istenmeyen t\u0131rnaklara sahip ki\u015filer i\u00e7in ideal bir \u00e7\u00f6z\u00fcmd\u00fcr. Daha uzun, d\u00fczg\u00fcn ve bak\u0131ml\u0131 t\u0131rnak g\u00f6r\u00fcn\u00fcm\u00fc sa\u011flar.<\/p>\n<h2>Protez t\u0131rnak do\u011fal t\u0131rna\u011fa zarar verir mi?<\/h2>\n<p>Do\u011fru uygulama ve d\u00fczenli bak\u0131m ile do\u011fal t\u0131rna\u011fa zarar vermez. Ancak yanl\u0131\u015f uygulamalar veya uzun s\u00fcre bak\u0131m yap\u0131lmamas\u0131 t\u0131rnak sa\u011fl\u0131\u011f\u0131n\u0131 olumsuz etkileyebilir. Bu nedenle profesyonel ki\u015filer taraf\u0131ndan uygulanmas\u0131 \u00f6nemlidir.<\/p>\n<h2>Protez t\u0131rnak ne kadar s\u00fcre kullan\u0131labilir?<\/h2>\n<p>Genellikle 2-3 haftada bir bak\u0131m yap\u0131lmas\u0131 gerekir. D\u00fczenli bak\u0131m ile uzun s\u00fcre kullan\u0131labilir ve estetik g\u00f6r\u00fcn\u00fcm korunur.<\/p>\n<h2>Bu uygulamalar birlikte yap\u0131labilir mi?<\/h2>\n<p>Evet, lazer epilasyon, Hydrafacial ve protez t\u0131rnak i\u015flemleri farkl\u0131 alanlara y\u00f6nelik oldu\u011fu i\u00e7in ayn\u0131 d\u00f6nemde rahatl\u0131kla yap\u0131labilir.<\/p>\n<h2>\u0130\u015flemler ne kadar s\u00fcrer?<\/h2>\n<p>Lazer epilasyon b\u00f6lgeye g\u00f6re 10-60 dakika, Hydrafacial yakla\u015f\u0131k 30-45 dakika, protez t\u0131rnak ise ortalama 1-2 saat s\u00fcrebilir.<\/p>\n<h2>Bu i\u015flemler a\u011fr\u0131l\u0131 m\u0131d\u0131r?<\/h2>\n<p>Lazer epilasyonda hafif batma hissi olabilir. Hydrafacial tamamen konforludur. Protez t\u0131rnak uygulamas\u0131 da genellikle a\u011fr\u0131s\u0131zd\u0131r.<\/p>\n<h2>Sonu\u00e7lar ne zaman g\u00f6r\u00fcl\u00fcr?<\/h2>\n<p>Hydrafacial sonras\u0131 an\u0131nda parlakl\u0131k g\u00f6r\u00fcl\u00fcr. Lazer epilasyonda birka\u00e7 seans sonras\u0131 belirgin azalma olur. Protez t\u0131rnak ise i\u015flem sonras\u0131 hemen estetik g\u00f6r\u00fcn\u00fcm sa\u011flar.<\/p>\n<h2>Kimler bu i\u015flemler i\u00e7in uygun de\u011fildir?<\/h2>\n<p>Cilt hassasiyeti y\u00fcksek olan ki\u015filer veya aktif cilt hastal\u0131\u011f\u0131 bulunanlar i\u00e7in baz\u0131 i\u015flemler ertelenebilir. Uzman de\u011ferlendirmesi \u00f6nemlidir.<\/p>\n<h2>\u0130\u015flem sonras\u0131 bak\u0131m gerekli midir?<\/h2>\n<p>Evet, \u00f6zellikle lazer epilasyon ve protez t\u0131rnak sonras\u0131 bak\u0131m s\u00fcreci sonu\u00e7lar\u0131n kal\u0131c\u0131l\u0131\u011f\u0131 a\u00e7\u0131s\u0131ndan \u00f6nemlidir.<\/p>\n<h2>Bu i\u015flemler kal\u0131c\u0131 m\u0131d\u0131r?<\/h2>\n<p>Lazer epilasyon uzun s\u00fcreli kal\u0131c\u0131l\u0131k sa\u011flar. Hydrafacial d\u00fczenli yap\u0131lmal\u0131d\u0131r. Protez t\u0131rnak ise bak\u0131m gerektiren ge\u00e7ici bir uygulamad\u0131r.<\/p>\n<p>&nbsp;<\/p>\n","protected":false},"excerpt":{"rendered":"<p>Lazer epilasyon, k\u0131l k\u00f6klerini hedef alan \u0131\u015f\u0131k teknolojisi ile \u00e7al\u0131\u015fan bir uygulamad\u0131r. Lazer \u0131\u015f\u0131nlar\u0131, k\u0131l k\u00f6k\u00fcndeki melanin pigmenti taraf\u0131ndan emilir ve bu sayede k\u00f6kler zay\u0131flat\u0131larak zamanla yok edilir. Bu y\u00f6ntem, t\u0131ra\u015f, a\u011fda veya epilat\u00f6r gibi ge\u00e7ici \u00e7\u00f6z\u00fcmlere g\u00f6re \u00e7ok daha uzun s\u00fcreli sonu\u00e7lar sunar. \u00d6zellikle yo\u011fun ve h\u0131zl\u0131 uzayan t\u00fcylerden kurtulmak isteyen ki\u015filer i\u00e7in olduk\u00e7a [&hellip;]<\/p>\n","protected":false},"author":1,"featured_media":7474,"comment_status":"open","ping_status":"open","sticky":false,"template":"","format":"standard","meta":{"footnotes":""},"categories":[10],"tags":[1881,3152,3149,3150],"class_list":["post-7472","post","type-post","status-publish","format-standard","has-post-thumbnail","hentry","category-saglik","tag-cilt-bakimi-2","tag-hydrafacial","tag-lazer-epilasyon-2","tag-protez-tirnak"],"_links":{"self":[{"href":"https:\/\/ademocut.com\/blog\/wp-json\/wp\/v2\/posts\/7472","targetHints":{"allow":["GET"]}}],"collection":[{"href":"https:\/\/ademocut.com\/blog\/wp-json\/wp\/v2\/posts"}],"about":[{"href":"https:\/\/ademocut.com\/blog\/wp-json\/wp\/v2\/types\/post"}],"author":[{"embeddable":true,"href":"https:\/\/ademocut.com\/blog\/wp-json\/wp\/v2\/users\/1"}],"replies":[{"embeddable":true,"href":"https:\/\/ademocut.com\/blog\/wp-json\/wp\/v2\/comments?post=7472"}],"version-history":[{"count":1,"href":"https:\/\/ademocut.com\/blog\/wp-json\/wp\/v2\/posts\/7472\/revisions"}],"predecessor-version":[{"id":7473,"href":"https:\/\/ademocut.com\/blog\/wp-json\/wp\/v2\/posts\/7472\/revisions\/7473"}],"wp:featuredmedia":[{"embeddable":true,"href":"https:\/\/ademocut.com\/blog\/wp-json\/wp\/v2\/media\/7474"}],"wp:attachment":[{"href":"https:\/\/ademocut.com\/blog\/wp-json\/wp\/v2\/media?parent=7472"}],"wp:term":[{"taxonomy":"category","embeddable":true,"href":"https:\/\/ademocut.com\/blog\/wp-json\/wp\/v2\/categories?post=7472"},{"taxonomy":"post_tag","embeddable":true,"href":"https:\/\/ademocut.com\/blog\/wp-json\/wp\/v2\/tags?post=7472"}],"curies":[{"name":"wp","href":"https:\/\/api.w.org\/{rel}","templated":true}]}}