{"id":7463,"date":"2026-04-15T12:25:00","date_gmt":"2026-04-15T09:25:00","guid":{"rendered":"https:\/\/ademocut.com\/blog\/?p=7463"},"modified":"2026-04-29T20:29:05","modified_gmt":"2026-04-29T17:29:05","slug":"geri-donusum-kutusu-ne-ise-yarar","status":"publish","type":"post","link":"https:\/\/ademocut.com\/blog\/geri-donusum-kutusu-ne-ise-yarar\/","title":{"rendered":"Geri d\u00f6n\u00fc\u015f\u00fcm kutusu ne i\u015fe yarar ve neden \u00f6nemlidir?"},"content":{"rendered":"<p>Geri d\u00f6n\u00fc\u015f\u00fcm kutusu, tekrar kullan\u0131labilir at\u0131klar\u0131n di\u011fer \u00e7\u00f6plerden ayr\u0131\u015ft\u0131r\u0131lmas\u0131n\u0131 sa\u011flayan \u00f6nemli bir sistemdir. Plastik, cam, metal ve ka\u011f\u0131t gibi materyaller bu kutular sayesinde ayr\u0131 toplan\u0131r ve yeniden \u00fcretim s\u00fcrecine kazand\u0131r\u0131l\u0131r. Bu sayede do\u011fal kaynaklar\u0131n korunmas\u0131, enerji tasarrufu sa\u011flanmas\u0131 ve \u00e7evre kirlili\u011finin azalt\u0131lmas\u0131 m\u00fcmk\u00fcn olur. \u00d6zellikle \u015fehir ya\u015fam\u0131nda s\u00fcrd\u00fcr\u00fclebilirlik a\u00e7\u0131s\u0131ndan <span style=\"color: #0000ff;\"><strong><a style=\"color: #0000ff;\" href=\"https:\/\/www.sifiratiksepeti.com\/geri-donusum-kutusu-yapimi\/\">geri d\u00f6n\u00fc\u015f\u00fcm kutular\u0131<\/a><\/strong><\/span> kritik bir rol oynar.<\/p>\n<h2>Geri d\u00f6n\u00fc\u015f\u00fcm kutular\u0131 hangi alanlarda kullan\u0131l\u0131r?<\/h2>\n<p>Bu kutular; evlerde, okullarda, i\u015f yerlerinde, al\u0131\u015fveri\u015f merkezlerinde ve kamu alanlar\u0131nda yayg\u0131n olarak kullan\u0131l\u0131r. Farkl\u0131 renklerle kodlanarak hangi at\u0131\u011f\u0131n nereye at\u0131laca\u011f\u0131 kolayca anla\u015f\u0131l\u0131r. Bu sistem, bireylerin bilin\u00e7li \u015fekilde at\u0131k ayr\u0131\u015ft\u0131rmas\u0131n\u0131 destekler.<\/p>\n<h2>Geri d\u00f6n\u00fc\u015f\u00fcm al\u0131\u015fkanl\u0131\u011f\u0131 nas\u0131l kazand\u0131r\u0131l\u0131r?<\/h2>\n<p>Geri d\u00f6n\u00fc\u015f\u00fcm al\u0131\u015fkanl\u0131\u011f\u0131, e\u011fitim ve fark\u0131ndal\u0131k ile geli\u015fir. Evlerde k\u00fc\u00e7\u00fck ya\u015flardan itibaren \u00e7ocuklara at\u0131k ayr\u0131\u015ft\u0131rma \u00f6\u011fretilmesi, bu bilincin kal\u0131c\u0131 hale gelmesini sa\u011flar. Ayr\u0131ca kurumlar\u0131n ve belediyelerin yapt\u0131\u011f\u0131 bilgilendirme \u00e7al\u0131\u015fmalar\u0131 da bu s\u00fcreci destekler.<\/p>\n<h2>S\u0131f\u0131r at\u0131k kutusu nedir ve geri d\u00f6n\u00fc\u015f\u00fcmden fark\u0131 nedir?<\/h2>\n<p>S\u0131f\u0131r at\u0131k kutusu, yaln\u0131zca geri d\u00f6n\u00fc\u015ft\u00fcr\u00fclebilir at\u0131klar\u0131 de\u011fil, t\u00fcm at\u0131klar\u0131n minimuma indirilmesini hedefleyen bir sistemin par\u00e7as\u0131d\u0131r. Geri d\u00f6n\u00fc\u015f\u00fcmde at\u0131klar ayr\u0131\u015ft\u0131r\u0131larak yeniden kullan\u0131l\u0131rken, s\u0131f\u0131r at\u0131k yakla\u015f\u0131m\u0131 at\u0131k olu\u015fumunu en ba\u015ftan azaltmay\u0131 ama\u00e7lar. Bu nedenle daha kapsaml\u0131 ve s\u00fcrd\u00fcr\u00fclebilir bir \u00e7evre y\u00f6netimi sunar.<\/p>\n<h2>S\u0131f\u0131r at\u0131k kutular\u0131 nas\u0131l kullan\u0131l\u0131r?<\/h2>\n<p>Bu kutular genellikle organik at\u0131k, geri d\u00f6n\u00fc\u015ft\u00fcr\u00fclebilir at\u0131k ve di\u011fer at\u0131klar \u015feklinde ayr\u0131lm\u0131\u015f b\u00f6lmelerden olu\u015fur. Kullan\u0131c\u0131lar at\u0131klar\u0131 do\u011fru b\u00f6lmelere atarak sistemin verimli \u00e7al\u0131\u015fmas\u0131n\u0131 sa\u011flar. Bu sayede hem geri d\u00f6n\u00fc\u015f\u00fcm oran\u0131 artar hem de at\u0131k miktar\u0131 azal\u0131r.<\/p>\n<h2>S\u0131f\u0131r at\u0131k sistemi neden \u00f6nemlidir?<\/h2>\n<p>S\u0131f\u0131r at\u0131k sistemi, \u00e7evre kirlili\u011fini azaltman\u0131n yan\u0131 s\u0131ra do\u011fal kaynaklar\u0131n korunmas\u0131na da katk\u0131 sa\u011flar. Ayn\u0131 zamanda ekonomik a\u00e7\u0131dan da avantajl\u0131d\u0131r \u00e7\u00fcnk\u00fc at\u0131klar\u0131n yeniden de\u011ferlendirilmesi maliyetleri d\u00fc\u015f\u00fcr\u00fcr. Uzun vadede daha ya\u015fanabilir bir \u00e7evre olu\u015fturur.<\/p>\n<h2>Geri d\u00f6n\u00fc\u015f\u00fcm kutusu ile s\u0131f\u0131r at\u0131k kutusu ayn\u0131 \u015fey midir?<\/h2>\n<p>Hay\u0131r, geri d\u00f6n\u00fc\u015f\u00fcm kutusu belirli at\u0131klar\u0131n ayr\u0131\u015ft\u0131r\u0131lmas\u0131n\u0131 sa\u011flarken, s\u0131f\u0131r at\u0131k kutusu daha geni\u015f bir sistemin par\u00e7as\u0131d\u0131r ve at\u0131k olu\u015fumunu azaltmay\u0131 hedefler.<\/p>\n<h2>Evde geri d\u00f6n\u00fc\u015f\u00fcm nas\u0131l yap\u0131l\u0131r?<\/h2>\n<p>Evde farkl\u0131 kutular kullanarak plastik, cam, ka\u011f\u0131t ve organik at\u0131klar\u0131 ay\u0131rmak m\u00fcmk\u00fcnd\u00fcr. Bu basit y\u00f6ntem, \u00e7evreye b\u00fcy\u00fck katk\u0131 sa\u011flar.<\/p>\n<h2>S\u0131f\u0131r at\u0131k ya\u015fam tarz\u0131 nas\u0131l benimsenir?<\/h2>\n<p>Tek kullan\u0131ml\u0131k \u00fcr\u00fcnlerden ka\u00e7\u0131nmak, yeniden kullan\u0131labilir \u00fcr\u00fcnleri tercih etmek ve gereksiz t\u00fcketimi azaltmak s\u0131f\u0131r at\u0131k ya\u015fam\u0131n temel ad\u0131mlar\u0131d\u0131r.<\/p>\n<h2>Geri d\u00f6n\u00fc\u015f\u00fcm \u00e7evreyi nas\u0131l korur?<\/h2>\n<p>Do\u011fal kaynak kullan\u0131m\u0131n\u0131 azalt\u0131r, enerji tasarrufu sa\u011flar ve at\u0131k miktar\u0131n\u0131 d\u00fc\u015f\u00fcrerek \u00e7evre kirlili\u011fini \u00f6nler.<\/p>\n<h2>S\u0131f\u0131r at\u0131k kutular\u0131 hangi kurumlarda kullan\u0131l\u0131r?<\/h2>\n<p>Okullar, hastaneler, belediyeler ve b\u00fcy\u00fck i\u015fletmeler s\u0131f\u0131r at\u0131k sistemini aktif olarak kullan\u0131r.<\/p>\n<h2>At\u0131klar\u0131n ayr\u0131\u015ft\u0131r\u0131lmas\u0131 neden \u00f6nemlidir?<\/h2>\n<p>Do\u011fru ayr\u0131\u015ft\u0131rma sayesinde geri d\u00f6n\u00fc\u015f\u00fcm s\u00fcreci daha verimli hale gelir ve kaynak kayb\u0131 \u00f6nlenir.<\/p>\n<h2>Bu sistemler ekonomik fayda sa\u011flar m\u0131?<\/h2>\n<p>Evet, geri d\u00f6n\u00fc\u015f\u00fcm ve s\u0131f\u0131r at\u0131k uygulamalar\u0131 uzun vadede maliyetleri d\u00fc\u015f\u00fcr\u00fcr ve ekonomik katk\u0131 sa\u011flar.<\/p>\n<h2>Toplumda fark\u0131ndal\u0131k nas\u0131l art\u0131r\u0131l\u0131r?<\/h2>\n<p>E\u011fitim programlar\u0131, kampanyalar ve sosyal projeler ile geri d\u00f6n\u00fc\u015f\u00fcm ve s\u0131f\u0131r at\u0131k bilinci yayg\u0131nla\u015ft\u0131r\u0131labilir.<\/p>\n<p>&nbsp;<\/p>\n","protected":false},"excerpt":{"rendered":"<p>Geri d\u00f6n\u00fc\u015f\u00fcm kutusu, tekrar kullan\u0131labilir at\u0131klar\u0131n di\u011fer \u00e7\u00f6plerden ayr\u0131\u015ft\u0131r\u0131lmas\u0131n\u0131 sa\u011flayan \u00f6nemli bir sistemdir. Plastik, cam, metal ve ka\u011f\u0131t gibi materyaller bu kutular sayesinde ayr\u0131 toplan\u0131r ve yeniden \u00fcretim s\u00fcrecine kazand\u0131r\u0131l\u0131r. Bu sayede do\u011fal kaynaklar\u0131n korunmas\u0131, enerji tasarrufu sa\u011flanmas\u0131 ve \u00e7evre kirlili\u011finin azalt\u0131lmas\u0131 m\u00fcmk\u00fcn olur. \u00d6zellikle \u015fehir ya\u015fam\u0131nda s\u00fcrd\u00fcr\u00fclebilirlik a\u00e7\u0131s\u0131ndan geri d\u00f6n\u00fc\u015f\u00fcm kutular\u0131 kritik bir rol [&hellip;]<\/p>\n","protected":false},"author":1,"featured_media":7464,"comment_status":"open","ping_status":"open","sticky":false,"template":"","format":"standard","meta":{"footnotes":""},"categories":[13],"tags":[3787,3786,3784,3783,3785],"class_list":["post-7463","post","type-post","status-publish","format-standard","has-post-thumbnail","hentry","category-internet","tag-atik-ayristirma","tag-cevre-koruma","tag-geri-donusum-kutusu","tag-sifir-atik","tag-surdurulebilirlik"],"_links":{"self":[{"href":"https:\/\/ademocut.com\/blog\/wp-json\/wp\/v2\/posts\/7463","targetHints":{"allow":["GET"]}}],"collection":[{"href":"https:\/\/ademocut.com\/blog\/wp-json\/wp\/v2\/posts"}],"about":[{"href":"https:\/\/ademocut.com\/blog\/wp-json\/wp\/v2\/types\/post"}],"author":[{"embeddable":true,"href":"https:\/\/ademocut.com\/blog\/wp-json\/wp\/v2\/users\/1"}],"replies":[{"embeddable":true,"href":"https:\/\/ademocut.com\/blog\/wp-json\/wp\/v2\/comments?post=7463"}],"version-history":[{"count":1,"href":"https:\/\/ademocut.com\/blog\/wp-json\/wp\/v2\/posts\/7463\/revisions"}],"predecessor-version":[{"id":7465,"href":"https:\/\/ademocut.com\/blog\/wp-json\/wp\/v2\/posts\/7463\/revisions\/7465"}],"wp:featuredmedia":[{"embeddable":true,"href":"https:\/\/ademocut.com\/blog\/wp-json\/wp\/v2\/media\/7464"}],"wp:attachment":[{"href":"https:\/\/ademocut.com\/blog\/wp-json\/wp\/v2\/media?parent=7463"}],"wp:term":[{"taxonomy":"category","embeddable":true,"href":"https:\/\/ademocut.com\/blog\/wp-json\/wp\/v2\/categories?post=7463"},{"taxonomy":"post_tag","embeddable":true,"href":"https:\/\/ademocut.com\/blog\/wp-json\/wp\/v2\/tags?post=7463"}],"curies":[{"name":"wp","href":"https:\/\/api.w.org\/{rel}","templated":true}]}}