{"id":7448,"date":"2026-04-12T20:04:25","date_gmt":"2026-04-12T17:04:25","guid":{"rendered":"https:\/\/ademocut.com\/blog\/?p=7448"},"modified":"2026-04-29T20:07:56","modified_gmt":"2026-04-29T17:07:56","slug":"liposuction-hangi-bolgelerde-uygulanabilir","status":"publish","type":"post","link":"https:\/\/ademocut.com\/blog\/liposuction-hangi-bolgelerde-uygulanabilir\/","title":{"rendered":"Liposuction hangi b\u00f6lgelerde uygulanabilir?"},"content":{"rendered":"<p>Liposuction, v\u00fccutta ya\u011f birikiminin yo\u011fun oldu\u011fu bir\u00e7ok b\u00f6lgede uygulanabilir. Kar\u0131n, basen, bel, s\u0131rt, kol ve bacaklar en s\u0131k tercih edilen alanlard\u0131r. Bu i\u015flem, kilo vermek i\u00e7in de\u011fil, v\u00fccut konturunu \u015fekillendirmek amac\u0131yla yap\u0131l\u0131r.<\/p>\n<h2>Liposuction sonras\u0131 kilo al\u0131n\u0131r m\u0131?<\/h2>\n<p>\u0130\u015flemle al\u0131nan ya\u011f h\u00fccreleri geri gelmez ancak ki\u015fi sa\u011fl\u0131ks\u0131z beslenmeye devam ederse farkl\u0131 b\u00f6lgelerde ya\u011flanma olu\u015fabilir. Bu nedenle <span style=\"color: #0000ff;\"><strong><a style=\"color: #0000ff;\" href=\"https:\/\/nisantasihastanesi.com.tr\/liposuction\/\">liposuction<\/a><\/strong><\/span> sonras\u0131 ya\u015fam tarz\u0131 olduk\u00e7a \u00f6nemlidir.<\/p>\n<h2>Liposuction sonras\u0131 ne zaman sonu\u00e7 g\u00f6r\u00fcl\u00fcr?<\/h2>\n<p>\u0130lk haftalarda \u00f6dem nedeniyle sonu\u00e7lar tam net olmayabilir. Genellikle birka\u00e7 ay i\u00e7inde v\u00fccut \u015fekli belirginle\u015fir ve nihai sonu\u00e7 ortaya \u00e7\u0131kar.<\/p>\n<h2>Kar\u0131n germe ameliyat\u0131 kimler i\u00e7in uygundur?<\/h2>\n<p>Kar\u0131n germe ameliyat\u0131, \u00f6zellikle do\u011fum sonras\u0131 kar\u0131n b\u00f6lgesinde sarkma ya\u015fayan veya ciddi kilo kayb\u0131 sonras\u0131 deri fazlal\u0131\u011f\u0131 olu\u015fan ki\u015filer i\u00e7in uygundur. Bu i\u015flem, fazla derinin al\u0131nmas\u0131 ve kar\u0131n kaslar\u0131n\u0131n s\u0131k\u0131la\u015ft\u0131r\u0131lmas\u0131 ile yap\u0131l\u0131r.<\/p>\n<h2>Kar\u0131n germe ameliyat\u0131 sonras\u0131 iz kal\u0131r m\u0131?<\/h2>\n<p>Ameliyat sonras\u0131 iz kalabilir ancak bu iz genellikle i\u00e7 \u00e7ama\u015f\u0131r\u0131 b\u00f6lgesinde kalacak \u015fekilde planlan\u0131r. Zamanla izler belirginli\u011fini kaybeder.<\/p>\n<h2>Kar\u0131n germe sonras\u0131 iyile\u015fme s\u00fcreci nas\u0131ld\u0131r?<\/h2>\n<p>\u0130lk g\u00fcnlerde hafif a\u011fr\u0131 ve hareket k\u0131s\u0131tl\u0131l\u0131\u011f\u0131 olabilir. Ancak birka\u00e7 hafta i\u00e7inde g\u00fcnl\u00fck ya\u015fama d\u00f6n\u00fc\u015f sa\u011flan\u0131r. Tam iyile\u015fme s\u00fcreci birka\u00e7 ay s\u00fcrebilir.<\/p>\n<h2>Burun esteti\u011fi sadece g\u00f6r\u00fcn\u00fcm i\u00e7in mi yap\u0131l\u0131r?<\/h2>\n<p>Hay\u0131r, burun esteti\u011fi hem estetik hem de fonksiyonel ama\u00e7larla yap\u0131labilir. Nefes alma problemleri olan ki\u015filerde ayn\u0131 ameliyatla hem g\u00f6r\u00fcn\u00fcm hem de solunum d\u00fczeltilir.<\/p>\n<h2>Burun esteti\u011fi sonras\u0131 burun \u015fekli ne zaman oturur?<\/h2>\n<p>Ameliyat sonras\u0131 ilk haftalarda \u015fi\u015flikler olabilir. Burun \u015feklinin tam olarak oturmas\u0131 genellikle birka\u00e7 ay\u0131 bulur. Nihai sonu\u00e7 ise 6-12 ay i\u00e7inde g\u00f6r\u00fcl\u00fcr.<\/p>\n<h2>Burun esteti\u011fi kal\u0131c\u0131 m\u0131d\u0131r?<\/h2>\n<p>Evet, burun esteti\u011fi kal\u0131c\u0131 bir i\u015flemdir. Ancak iyile\u015fme s\u00fcrecinde dikkat edilmesi gereken kurallara uyulmas\u0131 \u00f6nemlidir.<\/p>\n<h2>Bu estetik i\u015flemler birlikte yap\u0131labilir mi?<\/h2>\n<p>Evet, uygun hastalarda birden fazla estetik i\u015flem ayn\u0131 anda planlanabilir. Ancak bu karar doktor de\u011ferlendirmesine ba\u011fl\u0131d\u0131r.<\/p>\n<h2>Ameliyatlar ne kadar s\u00fcrer?<\/h2>\n<p>Liposuction ve burun esteti\u011fi genellikle birka\u00e7 saat s\u00fcrerken, kar\u0131n germe ameliyat\u0131 biraz daha uzun s\u00fcrebilir.<\/p>\n<h2>\u0130\u015flemler sonras\u0131 a\u011fr\u0131 olur mu?<\/h2>\n<p>Ameliyat sonras\u0131 hafif a\u011fr\u0131 ve hassasiyet olabilir ancak ila\u00e7larla kontrol alt\u0131na al\u0131nabilir.<\/p>\n<h2>Sonu\u00e7lar\u0131n kal\u0131c\u0131 olmas\u0131 i\u00e7in ne yap\u0131lmal\u0131d\u0131r?<\/h2>\n<p>Sa\u011fl\u0131kl\u0131 beslenme, d\u00fczenli egzersiz ve kilo kontrol\u00fc sonu\u00e7lar\u0131n uzun s\u00fcre korunmas\u0131n\u0131 sa\u011flar.<\/p>\n<h2>Kimler bu ameliyatlar i\u00e7in uygun de\u011fildir?<\/h2>\n<p>Genel sa\u011fl\u0131k durumu uygun olmayan ki\u015filer veya ger\u00e7ek\u00e7i beklentilere sahip olmayan bireyler i\u00e7in bu i\u015flemler \u00f6nerilmeyebilir.<\/p>\n<h2>\u0130yile\u015fme s\u00fcrecinde nelere dikkat edilmelidir?<\/h2>\n<p>Doktor \u00f6nerilerine uyulmal\u0131, a\u011f\u0131r aktivitelerden ka\u00e7\u0131n\u0131lmal\u0131 ve d\u00fczenli kontroller aksat\u0131lmamal\u0131d\u0131r.<\/p>\n<h2>Estetik i\u015flemler \u00f6zg\u00fcveni art\u0131r\u0131r m\u0131?<\/h2>\n<p>Evet, bir\u00e7ok ki\u015fi i\u015flem sonras\u0131 kendini daha iyi hisseder ve \u00f6zg\u00fcveninde art\u0131\u015f g\u00f6zlemlenir.<\/p>\n<h2>Ameliyat sonras\u0131 izler tamamen kaybolur mu?<\/h2>\n<p>\u0130zler zamanla azal\u0131r ancak tamamen yok olmayabilir. Modern tekniklerle minimum seviyede tutulur.<\/p>\n<p>&nbsp;<\/p>\n","protected":false},"excerpt":{"rendered":"<p>Liposuction, v\u00fccutta ya\u011f birikiminin yo\u011fun oldu\u011fu bir\u00e7ok b\u00f6lgede uygulanabilir. Kar\u0131n, basen, bel, s\u0131rt, kol ve bacaklar en s\u0131k tercih edilen alanlard\u0131r. Bu i\u015flem, kilo vermek i\u00e7in de\u011fil, v\u00fccut konturunu \u015fekillendirmek amac\u0131yla yap\u0131l\u0131r. Liposuction sonras\u0131 kilo al\u0131n\u0131r m\u0131? \u0130\u015flemle al\u0131nan ya\u011f h\u00fccreleri geri gelmez ancak ki\u015fi sa\u011fl\u0131ks\u0131z beslenmeye devam ederse farkl\u0131 b\u00f6lgelerde ya\u011flanma olu\u015fabilir. Bu nedenle [&hellip;]<\/p>\n","protected":false},"author":1,"featured_media":7449,"comment_status":"open","ping_status":"open","sticky":false,"template":"","format":"standard","meta":{"footnotes":""},"categories":[10],"tags":[2940,3779,3112,3727,3113],"class_list":["post-7448","post","type-post","status-publish","format-standard","has-post-thumbnail","hentry","category-saglik","tag-burun-estetigi","tag-estetik-ameliyat","tag-karin-germe","tag-liposuction-3","tag-vucut-sekillendirme"],"_links":{"self":[{"href":"https:\/\/ademocut.com\/blog\/wp-json\/wp\/v2\/posts\/7448","targetHints":{"allow":["GET"]}}],"collection":[{"href":"https:\/\/ademocut.com\/blog\/wp-json\/wp\/v2\/posts"}],"about":[{"href":"https:\/\/ademocut.com\/blog\/wp-json\/wp\/v2\/types\/post"}],"author":[{"embeddable":true,"href":"https:\/\/ademocut.com\/blog\/wp-json\/wp\/v2\/users\/1"}],"replies":[{"embeddable":true,"href":"https:\/\/ademocut.com\/blog\/wp-json\/wp\/v2\/comments?post=7448"}],"version-history":[{"count":1,"href":"https:\/\/ademocut.com\/blog\/wp-json\/wp\/v2\/posts\/7448\/revisions"}],"predecessor-version":[{"id":7450,"href":"https:\/\/ademocut.com\/blog\/wp-json\/wp\/v2\/posts\/7448\/revisions\/7450"}],"wp:featuredmedia":[{"embeddable":true,"href":"https:\/\/ademocut.com\/blog\/wp-json\/wp\/v2\/media\/7449"}],"wp:attachment":[{"href":"https:\/\/ademocut.com\/blog\/wp-json\/wp\/v2\/media?parent=7448"}],"wp:term":[{"taxonomy":"category","embeddable":true,"href":"https:\/\/ademocut.com\/blog\/wp-json\/wp\/v2\/categories?post=7448"},{"taxonomy":"post_tag","embeddable":true,"href":"https:\/\/ademocut.com\/blog\/wp-json\/wp\/v2\/tags?post=7448"}],"curies":[{"name":"wp","href":"https:\/\/api.w.org\/{rel}","templated":true}]}}