{"id":7442,"date":"2026-04-11T22:46:00","date_gmt":"2026-04-11T19:46:00","guid":{"rendered":"https:\/\/ademocut.com\/blog\/?p=7442"},"modified":"2026-04-29T09:50:26","modified_gmt":"2026-04-29T06:50:26","slug":"beyin-tumoru-ameliyatlari-risklimi","status":"publish","type":"post","link":"https:\/\/ademocut.com\/blog\/beyin-tumoru-ameliyatlari-risklimi\/","title":{"rendered":"Beyin t\u00fcm\u00f6r\u00fc ameliyatlar\u0131 hangi durumlarda zorunlu hale gelir?"},"content":{"rendered":"<p>Beyin t\u00fcm\u00f6r\u00fc ameliyatlar\u0131, t\u00fcm\u00f6r\u00fcn b\u00fcy\u00fckl\u00fc\u011f\u00fc, yerle\u015fim yeri ve hastada olu\u015fturdu\u011fu belirtilere g\u00f6re planlan\u0131r. \u00d6zellikle n\u00f6rolojik fonksiyonlar\u0131 etkileyen, h\u0131zl\u0131 b\u00fcy\u00fcyen ya da kafa i\u00e7inde bas\u0131n\u00e7 art\u0131\u015f\u0131na yol a\u00e7an kitlelerde <span style=\"color: #0000ff;\"><strong><a style=\"color: #0000ff;\" href=\"https:\/\/www.metekaratay.com\/beyin-tumoru-ameliyatlari\/\">beyin t\u00fcm\u00f6r\u00fc ameliyatlar\u0131<\/a> <\/strong><\/span>ka\u00e7\u0131n\u0131lmaz bir tedavi se\u00e7ene\u011fi haline gelir. Bu s\u00fcre\u00e7te temel ama\u00e7, t\u00fcm\u00f6r\u00fc m\u00fcmk\u00fcn oldu\u011funca g\u00fcvenli bi\u00e7imde \u00e7\u0131karmak ve sa\u011fl\u0131kl\u0131 beyin dokusunu koruyarak mevcut beyin fonksiyonlar\u0131n\u0131n devaml\u0131l\u0131\u011f\u0131n\u0131 sa\u011flamakt\u0131r.<\/p>\n<h2>Beyin t\u00fcm\u00f6r\u00fc ameliyatlar\u0131 riskli midir?<\/h2>\n<p>Her cerrahi i\u015flemde oldu\u011fu gibi riskler bulunur ancak geli\u015fmi\u015f teknolojiler ve deneyimli cerrahlar sayesinde bu riskler b\u00fcy\u00fck \u00f6l\u00e7\u00fcde azalt\u0131lm\u0131\u015ft\u0131r. Ameliyat s\u0131ras\u0131nda kullan\u0131lan mikroskopik ve navigasyon sistemleri ba\u015far\u0131 oran\u0131n\u0131 art\u0131r\u0131r.<\/p>\n<h2>Ameliyat sonras\u0131 iyile\u015fme s\u00fcreci nas\u0131ld\u0131r?<\/h2>\n<p>\u0130yile\u015fme s\u00fcreci hastan\u0131n genel durumuna ve t\u00fcm\u00f6r\u00fcn konumuna ba\u011fl\u0131 olarak de\u011fi\u015fir. Genellikle birka\u00e7 hafta i\u00e7inde g\u00fcnl\u00fck ya\u015fama d\u00f6n\u00fc\u015f sa\u011flanabilir. Baz\u0131 durumlarda fizik tedavi deste\u011fi gerekebilir.<\/p>\n<h2>Bel kaymas\u0131 ameliyat\u0131 neden yap\u0131l\u0131r?<\/h2>\n<p>Bel kaymas\u0131 ameliyat\u0131, omurlar\u0131n birbirine g\u00f6re kaymas\u0131 sonucu olu\u015fan a\u011fr\u0131 ve sinir bas\u0131s\u0131n\u0131 gidermek i\u00e7in yap\u0131l\u0131r. \u0130leri derecede kayma ve ya\u015fam kalitesini d\u00fc\u015f\u00fcren \u015fikayetlerde cerrahi tedavi tercih edilir.<\/p>\n<h2>Bel kaymas\u0131 ameliyat\u0131nda hangi teknikler kullan\u0131l\u0131r?<\/h2>\n<p>Genellikle vida ve plak sistemleri ile omurga sabitlenir. Bu sayede kayma d\u00fczeltilir ve sinirler \u00fczerindeki bask\u0131 ortadan kald\u0131r\u0131l\u0131r. Modern cerrahi teknikler sayesinde daha g\u00fcvenli sonu\u00e7lar elde edilir.<\/p>\n<h2>Bel kaymas\u0131 ameliyat\u0131 sonras\u0131 hareket k\u0131s\u0131tlan\u0131r m\u0131?<\/h2>\n<p>Ameliyat sonras\u0131 belirli bir s\u00fcre hareket k\u0131s\u0131tlamas\u0131 olabilir ancak zamanla hasta normal hareketlerine d\u00f6nebilir. Fizik tedavi s\u00fcreci bu noktada olduk\u00e7a \u00f6nemlidir.<\/p>\n<h2>Bel f\u0131t\u0131\u011f\u0131 ameliyat\u0131 hangi durumlarda gereklidir?<\/h2>\n<p>Bel f\u0131t\u0131\u011f\u0131 ameliyat\u0131, ila\u00e7 ve fizik tedaviye ra\u011fmen ge\u00e7meyen a\u011fr\u0131lar, bacakta uyu\u015fma veya g\u00fc\u00e7 kayb\u0131 gibi durumlarda tercih edilir. Sinir bas\u0131s\u0131n\u0131n ilerlemesi durumunda cerrahi m\u00fcdahale gerekli olabilir.<\/p>\n<h2>Bel f\u0131t\u0131\u011f\u0131 ameliyat\u0131 nas\u0131l yap\u0131l\u0131r?<\/h2>\n<p>Ameliyat s\u0131ras\u0131nda f\u0131t\u0131kla\u015fm\u0131\u015f disk dokusu \u00e7\u0131kar\u0131larak sinir \u00fczerindeki bask\u0131 kald\u0131r\u0131l\u0131r. G\u00fcn\u00fcm\u00fczde mikrocerrahi teknikler sayesinde daha k\u00fc\u00e7\u00fck kesilerle i\u015flem yap\u0131labilir.<\/p>\n<h2>Bel f\u0131t\u0131\u011f\u0131 ameliyat\u0131 sonras\u0131 iyile\u015fme s\u00fcreci ne kadar s\u00fcrer?<\/h2>\n<p>\u00c7o\u011fu hasta k\u0131sa s\u00fcrede aya\u011fa kalkabilir ve birka\u00e7 hafta i\u00e7inde normal ya\u015fam\u0131na d\u00f6nebilir. Ancak a\u011f\u0131r aktiviteler i\u00e7in doktor onay\u0131 gereklidir.<\/p>\n<h2>Bu ameliyatlar kal\u0131c\u0131 \u00e7\u00f6z\u00fcm sa\u011flar m\u0131?<\/h2>\n<p>Evet, do\u011fru hastada ve uygun teknikle yap\u0131lan ameliyatlar kal\u0131c\u0131 rahatlama sa\u011flar. Ancak ya\u015fam tarz\u0131 da uzun vadeli ba\u015far\u0131y\u0131 etkiler.<\/p>\n<h2>Ameliyatlar a\u011fr\u0131l\u0131 m\u0131d\u0131r?<\/h2>\n<p>Ameliyat s\u0131ras\u0131nda anestezi uygulan\u0131r, bu nedenle a\u011fr\u0131 hissedilmez. Sonras\u0131nda hafif a\u011fr\u0131lar olabilir ancak kontrol alt\u0131na al\u0131nabilir.<\/p>\n<h2>Ameliyat sonras\u0131 ne zaman y\u00fcr\u00fcnebilir?<\/h2>\n<p>\u00c7o\u011fu omurga ameliyat\u0131nda hasta k\u0131sa s\u00fcrede aya\u011fa kald\u0131r\u0131l\u0131r. Bu s\u00fcre ameliyat t\u00fcr\u00fcne g\u00f6re de\u011fi\u015febilir.<\/p>\n<h2>Riskler nelerdir?<\/h2>\n<p>Enfeksiyon, kanama ve sinir hasar\u0131 gibi riskler bulunabilir ancak modern tekniklerle bu riskler olduk\u00e7a d\u00fc\u015f\u00fckt\u00fcr.<\/p>\n<h2>Fizik tedavi gerekli midir?<\/h2>\n<p>Evet, \u00f6zellikle bel ameliyatlar\u0131ndan sonra fizik tedavi s\u00fcreci iyile\u015fmeyi h\u0131zland\u0131r\u0131r ve kaslar\u0131 g\u00fc\u00e7lendirir.<\/p>\n<h2>Kimler bu ameliyatlar i\u00e7in uygun de\u011fildir?<\/h2>\n<p>Genel sa\u011fl\u0131k durumu uygun olmayan ki\u015filerde ameliyat riskli olabilir. Bu nedenle detayl\u0131 de\u011ferlendirme yap\u0131l\u0131r.<\/p>\n<h2>Ameliyat sonras\u0131 tekrar sorun ya\u015fan\u0131r m\u0131?<\/h2>\n<p>Do\u011fru bak\u0131m ve ya\u015fam tarz\u0131 ile risk azalt\u0131labilir ancak baz\u0131 durumlarda tekrar g\u00f6r\u00fclebilir.<\/p>\n<h2>G\u00fcnl\u00fck hayata d\u00f6n\u00fc\u015f s\u00fcresi nedir?<\/h2>\n<p>Genellikle birka\u00e7 hafta i\u00e7inde g\u00fcnl\u00fck ya\u015fama d\u00f6n\u00fc\u015f sa\u011flan\u0131r. Ancak a\u011f\u0131r i\u015flerde \u00e7al\u0131\u015fanlar i\u00e7in bu s\u00fcre uzayabilir.<\/p>\n<h2>Ameliyat olmadan tedavi m\u00fcmk\u00fcn m\u00fc?<\/h2>\n<p>Evet, baz\u0131 durumlarda ila\u00e7 ve fizik tedavi ile iyile\u015fme sa\u011flanabilir. Ameliyat genellikle son se\u00e7enek olarak de\u011ferlendirilir.<\/p>\n<p>&nbsp;<\/p>\n","protected":false},"excerpt":{"rendered":"<p>Beyin t\u00fcm\u00f6r\u00fc ameliyatlar\u0131, t\u00fcm\u00f6r\u00fcn b\u00fcy\u00fckl\u00fc\u011f\u00fc, yerle\u015fim yeri ve hastada olu\u015fturdu\u011fu belirtilere g\u00f6re planlan\u0131r. \u00d6zellikle n\u00f6rolojik fonksiyonlar\u0131 etkileyen, h\u0131zl\u0131 b\u00fcy\u00fcyen ya da kafa i\u00e7inde bas\u0131n\u00e7 art\u0131\u015f\u0131na yol a\u00e7an kitlelerde beyin t\u00fcm\u00f6r\u00fc ameliyatlar\u0131 ka\u00e7\u0131n\u0131lmaz bir tedavi se\u00e7ene\u011fi haline gelir. Bu s\u00fcre\u00e7te temel ama\u00e7, t\u00fcm\u00f6r\u00fc m\u00fcmk\u00fcn oldu\u011funca g\u00fcvenli bi\u00e7imde \u00e7\u0131karmak ve sa\u011fl\u0131kl\u0131 beyin dokusunu koruyarak mevcut beyin fonksiyonlar\u0131n\u0131n [&hellip;]<\/p>\n","protected":false},"author":1,"featured_media":7444,"comment_status":"open","ping_status":"open","sticky":false,"template":"","format":"standard","meta":{"footnotes":""},"categories":[10],"tags":[],"class_list":["post-7442","post","type-post","status-publish","format-standard","has-post-thumbnail","hentry","category-saglik"],"_links":{"self":[{"href":"https:\/\/ademocut.com\/blog\/wp-json\/wp\/v2\/posts\/7442","targetHints":{"allow":["GET"]}}],"collection":[{"href":"https:\/\/ademocut.com\/blog\/wp-json\/wp\/v2\/posts"}],"about":[{"href":"https:\/\/ademocut.com\/blog\/wp-json\/wp\/v2\/types\/post"}],"author":[{"embeddable":true,"href":"https:\/\/ademocut.com\/blog\/wp-json\/wp\/v2\/users\/1"}],"replies":[{"embeddable":true,"href":"https:\/\/ademocut.com\/blog\/wp-json\/wp\/v2\/comments?post=7442"}],"version-history":[{"count":1,"href":"https:\/\/ademocut.com\/blog\/wp-json\/wp\/v2\/posts\/7442\/revisions"}],"predecessor-version":[{"id":7443,"href":"https:\/\/ademocut.com\/blog\/wp-json\/wp\/v2\/posts\/7442\/revisions\/7443"}],"wp:featuredmedia":[{"embeddable":true,"href":"https:\/\/ademocut.com\/blog\/wp-json\/wp\/v2\/media\/7444"}],"wp:attachment":[{"href":"https:\/\/ademocut.com\/blog\/wp-json\/wp\/v2\/media?parent=7442"}],"wp:term":[{"taxonomy":"category","embeddable":true,"href":"https:\/\/ademocut.com\/blog\/wp-json\/wp\/v2\/categories?post=7442"},{"taxonomy":"post_tag","embeddable":true,"href":"https:\/\/ademocut.com\/blog\/wp-json\/wp\/v2\/tags?post=7442"}],"curies":[{"name":"wp","href":"https:\/\/api.w.org\/{rel}","templated":true}]}}