{"id":7439,"date":"2026-04-29T09:46:13","date_gmt":"2026-04-29T06:46:13","guid":{"rendered":"https:\/\/ademocut.com\/blog\/?p=7439"},"modified":"2026-04-29T09:46:16","modified_gmt":"2026-04-29T06:46:16","slug":"mamografi-hangi-durumlarda-onerilir","status":"publish","type":"post","link":"https:\/\/ademocut.com\/blog\/mamografi-hangi-durumlarda-onerilir\/","title":{"rendered":"Mamografi hangi durumlarda \u00f6nerilir?"},"content":{"rendered":"<p>Mamografi, \u00f6zellikle meme kanserinin erken te\u015fhisinde kullan\u0131lan en etkili g\u00f6r\u00fcnt\u00fcleme y\u00f6ntemlerinden biridir. 40 ya\u015f \u00fczeri kad\u0131nlara d\u00fczenli olarak \u00f6nerilir. Ayr\u0131ca ailesinde meme kanseri \u00f6yk\u00fcs\u00fc bulunan ki\u015filer i\u00e7in daha erken ya\u015flarda da yap\u0131labilir.<\/p>\n<h2>Mamografi \u00e7ekimi s\u0131ras\u0131nda nelere dikkat edilmelidir?<\/h2>\n<p>\u00c7ekim \u00f6ncesinde deodorant veya krem kullan\u0131lmamas\u0131 \u00f6nerilir \u00e7\u00fcnk\u00fc bu \u00fcr\u00fcnler g\u00f6r\u00fcnt\u00fc kalitesini etkileyebilir. Ayr\u0131ca adet d\u00f6neminin bitiminden sonraki g\u00fcnlerde \u00e7ekim yap\u0131lmas\u0131, hassasiyetin daha az olmas\u0131n\u0131 sa\u011flar.<\/p>\n<h2>Mamografi ne kadar s\u00fcrede tamamlan\u0131r?<\/h2>\n<p>Mamografi i\u015flemi genellikle 10-15 dakika s\u00fcrer. K\u0131sa s\u00fcrede tamamlanmas\u0131 ve h\u0131zl\u0131 sonu\u00e7 vermesi, bu y\u00f6ntemi olduk\u00e7a pratik hale getirir.<\/p>\n<h2>Ultrason hangi hastal\u0131klar\u0131n te\u015fhisinde kullan\u0131l\u0131r?<\/h2>\n<p>Ultrason, i\u00e7 organlar\u0131n g\u00f6r\u00fcnt\u00fclenmesinde kullan\u0131lan g\u00fcvenli bir y\u00f6ntemdir. Kar\u0131n, tiroid, b\u00f6brek, karaci\u011fer ve gebelik takibinde s\u0131k\u00e7a kullan\u0131l\u0131r. Ayr\u0131ca meme ultrasonu da <span style=\"color: #0000ff;\"><strong><a style=\"color: #0000ff;\" href=\"https:\/\/www.mamografi.com\/mamografi-nedir\/\">mamografi<\/a><\/strong><\/span> i\u00e7in destek olarak tercih edilir.<\/p>\n<h2>Ultrason \u00e7ekimi s\u0131ras\u0131nda a\u00e7 olmak gerekir mi?<\/h2>\n<p>\u0130ncelenecek b\u00f6lgeye g\u00f6re de\u011fi\u015fir. Kar\u0131n ultrasonu i\u00e7in genellikle a\u00e7l\u0131k gerekirken, di\u011fer b\u00f6lgelerde b\u00f6yle bir zorunluluk olmayabilir. Doktorun verdi\u011fi talimatlara uyulmas\u0131 \u00f6nemlidir.<\/p>\n<h2>Ultrason zararl\u0131 m\u0131d\u0131r?<\/h2>\n<p>Hay\u0131r, ultrason ses dalgalar\u0131 ile \u00e7al\u0131\u015ft\u0131\u011f\u0131 i\u00e7in radyasyon i\u00e7ermez ve tamamen g\u00fcvenli bir y\u00f6ntemdir. Bu nedenle gebelikte bile rahatl\u0131kla kullan\u0131labilir.<\/p>\n<h2>Mamografi ile ultrason aras\u0131ndaki temel fark nedir?<\/h2>\n<p>Mamografi X-\u0131\u015f\u0131nlar\u0131 kullanarak g\u00f6r\u00fcnt\u00fcleme yaparken, ultrason ses dalgalar\u0131 ile \u00e7al\u0131\u015f\u0131r. Mamografi daha \u00e7ok meme dokusundaki kitlelerin tespiti i\u00e7in kullan\u0131l\u0131rken, ultrason yumu\u015fak dokular\u0131n detayl\u0131 incelenmesinde etkilidir.<\/p>\n<h2>Hangi durumda mamografi, hangi durumda ultrason tercih edilir?<\/h2>\n<p>Mamografi genellikle tarama ama\u00e7l\u0131 kullan\u0131l\u0131rken, ultrason daha detayl\u0131 inceleme i\u00e7in tercih edilir. \u00d6zellikle gen\u00e7 bireylerde ultrason daha s\u0131k kullan\u0131l\u0131r.<\/p>\n<h2>Bu g\u00f6r\u00fcnt\u00fcleme y\u00f6ntemleri birlikte kullan\u0131labilir mi?<\/h2>\n<p>Evet, mamografi ve ultrason \u00e7o\u011fu zaman birlikte kullan\u0131l\u0131r. Bu sayede daha kapsaml\u0131 ve do\u011fru bir de\u011ferlendirme yap\u0131l\u0131r.<\/p>\n<h2>\u0130\u015flemler a\u011fr\u0131l\u0131 m\u0131d\u0131r?<\/h2>\n<p>Ultrason tamamen a\u011fr\u0131s\u0131zd\u0131r. Mamografi s\u0131ras\u0131nda ise k\u0131sa s\u00fcreli hafif bir bask\u0131 hissi olabilir.<\/p>\n<h2>Sonu\u00e7lar ne kadar s\u00fcrede \u00e7\u0131kar?<\/h2>\n<p>\u00c7o\u011fu durumda sonu\u00e7lar ayn\u0131 g\u00fcn veya k\u0131sa s\u00fcre i\u00e7inde de\u011ferlendirilir ve hastaya bildirilir.<\/p>\n<h2>Kimler d\u00fczenli olarak mamografi yapt\u0131rmal\u0131d\u0131r?<\/h2>\n<p>40 ya\u015f \u00fczeri kad\u0131nlar\u0131n d\u00fczenli mamografi yapt\u0131rmas\u0131 \u00f6nerilir. Risk grubundaki ki\u015filer i\u00e7in bu ya\u015f daha erken olabilir.<\/p>\n<h2>Ultrason her ya\u015f grubuna uygulanabilir mi?<\/h2>\n<p>Evet, ultrason her ya\u015f grubunda g\u00fcvenle uygulanabilir. \u00d6zellikle \u00e7ocuklar ve hamileler i\u00e7in ideal bir y\u00f6ntemdir.<\/p>\n<h2>Radyasyon riski var m\u0131?<\/h2>\n<p>Mamografide d\u00fc\u015f\u00fck doz radyasyon vard\u0131r ancak kontrol alt\u0131nda oldu\u011fu i\u00e7in g\u00fcvenli kabul edilir. Ultrason ise radyasyon i\u00e7ermez.<\/p>\n<h2>Bu y\u00f6ntemler kesin tan\u0131 koyar m\u0131?<\/h2>\n<p>Tan\u0131 s\u00fcrecinde \u00f6nemli rol oynarlar ancak kesin tan\u0131 i\u00e7in biyopsi gibi ek i\u015flemler gerekebilir.<\/p>\n<h2>\u0130\u015flem sonras\u0131 g\u00fcnl\u00fck hayata d\u00f6n\u00fclebilir mi?<\/h2>\n<p>Evet, her iki i\u015flem sonras\u0131nda da ki\u015fi hemen normal hayat\u0131na devam edebilir.<\/p>\n<p>&nbsp;<\/p>\n","protected":false},"excerpt":{"rendered":"<p>Mamografi, \u00f6zellikle meme kanserinin erken te\u015fhisinde kullan\u0131lan en etkili g\u00f6r\u00fcnt\u00fcleme y\u00f6ntemlerinden biridir. 40 ya\u015f \u00fczeri kad\u0131nlara d\u00fczenli olarak \u00f6nerilir. Ayr\u0131ca ailesinde meme kanseri \u00f6yk\u00fcs\u00fc bulunan ki\u015filer i\u00e7in daha erken ya\u015flarda da yap\u0131labilir. Mamografi \u00e7ekimi s\u0131ras\u0131nda nelere dikkat edilmelidir? \u00c7ekim \u00f6ncesinde deodorant veya krem kullan\u0131lmamas\u0131 \u00f6nerilir \u00e7\u00fcnk\u00fc bu \u00fcr\u00fcnler g\u00f6r\u00fcnt\u00fc kalitesini etkileyebilir. Ayr\u0131ca adet d\u00f6neminin bitiminden [&hellip;]<\/p>\n","protected":false},"author":1,"featured_media":7441,"comment_status":"open","ping_status":"open","sticky":false,"template":"","format":"standard","meta":{"footnotes":""},"categories":[10],"tags":[3067,3064,3066,3093],"class_list":["post-7439","post","type-post","status-publish","format-standard","has-post-thumbnail","hentry","category-saglik","tag-erken-teshis","tag-mamografi","tag-meme-kanseri","tag-ultrason"],"_links":{"self":[{"href":"https:\/\/ademocut.com\/blog\/wp-json\/wp\/v2\/posts\/7439","targetHints":{"allow":["GET"]}}],"collection":[{"href":"https:\/\/ademocut.com\/blog\/wp-json\/wp\/v2\/posts"}],"about":[{"href":"https:\/\/ademocut.com\/blog\/wp-json\/wp\/v2\/types\/post"}],"author":[{"embeddable":true,"href":"https:\/\/ademocut.com\/blog\/wp-json\/wp\/v2\/users\/1"}],"replies":[{"embeddable":true,"href":"https:\/\/ademocut.com\/blog\/wp-json\/wp\/v2\/comments?post=7439"}],"version-history":[{"count":1,"href":"https:\/\/ademocut.com\/blog\/wp-json\/wp\/v2\/posts\/7439\/revisions"}],"predecessor-version":[{"id":7440,"href":"https:\/\/ademocut.com\/blog\/wp-json\/wp\/v2\/posts\/7439\/revisions\/7440"}],"wp:featuredmedia":[{"embeddable":true,"href":"https:\/\/ademocut.com\/blog\/wp-json\/wp\/v2\/media\/7441"}],"wp:attachment":[{"href":"https:\/\/ademocut.com\/blog\/wp-json\/wp\/v2\/media?parent=7439"}],"wp:term":[{"taxonomy":"category","embeddable":true,"href":"https:\/\/ademocut.com\/blog\/wp-json\/wp\/v2\/categories?post=7439"},{"taxonomy":"post_tag","embeddable":true,"href":"https:\/\/ademocut.com\/blog\/wp-json\/wp\/v2\/tags?post=7439"}],"curies":[{"name":"wp","href":"https:\/\/api.w.org\/{rel}","templated":true}]}}