{"id":7433,"date":"2026-04-10T09:32:24","date_gmt":"2026-04-10T06:32:24","guid":{"rendered":"https:\/\/ademocut.com\/blog\/?p=7433"},"modified":"2026-04-29T09:34:54","modified_gmt":"2026-04-29T06:34:54","slug":"bisektomi-hangi-yuz-tipleri-icin-daha-uygundur","status":"publish","type":"post","link":"https:\/\/ademocut.com\/blog\/bisektomi-hangi-yuz-tipleri-icin-daha-uygundur\/","title":{"rendered":"Bi\u015fektomi hangi y\u00fcz tipleri i\u00e7in daha uygundur?"},"content":{"rendered":"<p>Bi\u015fektomi, \u00f6zellikle y\u00fcz\u00fc dolgun ve yanak b\u00f6lgesi belirgin olan ki\u015filer i\u00e7in ideal bir estetik i\u015flemdir. Yuvarlak y\u00fcz hatlar\u0131na sahip bireylerde daha ince ve keskin bir g\u00f6r\u00fcn\u00fcm elde edilmesini sa\u011flar. Ancak her y\u00fcz yap\u0131s\u0131 i\u00e7in uygun olmayabilir; bu nedenle uzman de\u011ferlendirmesi gereklidir.<\/p>\n<h2>Bi\u015fektomi sonras\u0131 y\u00fcz ne kadar s\u00fcrede incelir?<\/h2>\n<p>\u0130\u015flem sonras\u0131nda ilk g\u00fcnlerde hafif \u015fi\u015flik olabilir. Ancak ger\u00e7ek sonu\u00e7lar genellikle birka\u00e7 hafta i\u00e7inde ortaya \u00e7\u0131kar. Y\u00fcz hatlar\u0131n\u0131n tamamen oturmas\u0131 ise birka\u00e7 ay s\u00fcrebilir.<\/p>\n<h2>Bi\u015fektomi kal\u0131c\u0131 bir i\u015flem midir?<\/h2>\n<p>Evet, <span style=\"color: #0000ff;\"><strong><a style=\"color: #0000ff;\" href=\"https:\/\/www.huseyinkandulu.com\/bisektomi\/\">bi\u015fektomi<\/a> <\/strong><\/span>kal\u0131c\u0131 bir estetik uygulamad\u0131r. Yanak i\u00e7indeki ya\u011f dokusu al\u0131nd\u0131\u011f\u0131 i\u00e7in tekrar olu\u015fmaz. Bu nedenle uzun vadeli bir y\u00fcz inceltme \u00e7\u00f6z\u00fcm\u00fc sunar.<\/p>\n<h2>Burun dolgusu hangi problemleri d\u00fczeltir?<\/h2>\n<p>Burun dolgusu; burun kemerini kamufle etmek, burun ucunu kald\u0131rmak ve k\u00fc\u00e7\u00fck asimetrileri d\u00fczeltmek i\u00e7in tercih edilir. Ameliyats\u0131z olmas\u0131 nedeniyle h\u0131zl\u0131 ve pratik bir \u00e7\u00f6z\u00fcm sunar.<\/p>\n<h2>Burun dolgusu ne kadar s\u00fcrede etkisini g\u00f6sterir?<\/h2>\n<p>\u0130\u015flem sonras\u0131nda sonu\u00e7lar hemen g\u00f6r\u00fcl\u00fcr. Ancak dolgunun tam olarak oturmas\u0131 birka\u00e7 g\u00fcn s\u00fcrebilir. Bu s\u00fcre\u00e7te hafif \u015fi\u015flikler normaldir.<\/p>\n<h2>Burun dolgusu ile kal\u0131c\u0131 sonu\u00e7 elde edilir mi?<\/h2>\n<p>Burun dolgusu kal\u0131c\u0131 de\u011fildir. Genellikle 12-18 ay aras\u0131nda etkisini korur. D\u00fczenli tekrarlarla sonu\u00e7lar s\u00fcrd\u00fcr\u00fclebilir.<\/p>\n<h2>Sa\u00e7 ekimi hangi y\u00f6ntemlerle yap\u0131l\u0131r?<\/h2>\n<p>Sa\u00e7 ekimi genellikle FUE ve DHI teknikleri ile ger\u00e7ekle\u015ftirilir. Bu y\u00f6ntemlerde sa\u00e7 k\u00f6kleri don\u00f6r b\u00f6lgeden al\u0131narak seyrek alanlara nakledilir. Modern teknikler sayesinde do\u011fal g\u00f6r\u00fcn\u00fcml\u00fc sonu\u00e7lar elde edilir.<\/p>\n<h2>Sa\u00e7 ekimi sonras\u0131 sa\u00e7lar ne zaman \u00e7\u0131kar?<\/h2>\n<p>\u0130lk ekimden sonra sa\u00e7lar ge\u00e7ici olarak d\u00f6k\u00fclebilir (\u015fok d\u00f6k\u00fclme). Yeni sa\u00e7lar\u0131n \u00e7\u0131kmas\u0131 genellikle 3-4 ay\u0131 bulur. Tam sonu\u00e7lar ise 9-12 ay i\u00e7inde g\u00f6r\u00fcl\u00fcr.<\/p>\n<h2>Sa\u00e7 ekimi kal\u0131c\u0131 bir \u00e7\u00f6z\u00fcm m\u00fcd\u00fcr?<\/h2>\n<p>Evet, sa\u00e7 ekimi kal\u0131c\u0131 bir \u00e7\u00f6z\u00fcmd\u00fcr. Ekilen sa\u00e7 k\u00f6kleri d\u00f6k\u00fclmeye kar\u015f\u0131 diren\u00e7lidir ve uzun y\u0131llar boyunca varl\u0131\u011f\u0131n\u0131 korur.<\/p>\n<h2>Bu estetik i\u015flemler ayn\u0131 anda yap\u0131labilir mi?<\/h2>\n<p>Baz\u0131 durumlarda farkl\u0131 estetik i\u015flemler ayn\u0131 d\u00f6nemde planlanabilir. Ancak bu karar, ki\u015finin sa\u011fl\u0131k durumu ve uzman de\u011ferlendirmesine ba\u011fl\u0131d\u0131r.<\/p>\n<h2>\u0130\u015flemler sonras\u0131 sosyal hayata d\u00f6n\u00fc\u015f ne kadar s\u00fcrer?<\/h2>\n<p>Burun dolgusu sonras\u0131 hemen g\u00fcnl\u00fck hayata d\u00f6n\u00fclebilir. Bi\u015fektomi ve sa\u00e7 ekimi sonras\u0131 ise birka\u00e7 g\u00fcn dinlenme \u00f6nerilir.<\/p>\n<h2>Bu i\u015flemler a\u011fr\u0131l\u0131 m\u0131d\u0131r?<\/h2>\n<p>Genellikle lokal anestezi alt\u0131nda yap\u0131ld\u0131\u011f\u0131 i\u00e7in i\u015flem s\u0131ras\u0131nda a\u011fr\u0131 hissedilmez. Sonras\u0131nda hafif hassasiyet olabilir.<\/p>\n<h2>Do\u011fal g\u00f6r\u00fcn\u00fcm elde etmek m\u00fcmk\u00fcn m\u00fc?<\/h2>\n<p>Evet, do\u011fru teknik ve uzman uygulama ile son derece do\u011fal sonu\u00e7lar elde edilebilir.<\/p>\n<h2>Kimler bu i\u015flemler i\u00e7in uygun de\u011fildir?<\/h2>\n<p>Genel sa\u011fl\u0131k durumu uygun olmayan ki\u015filer veya belirli cilt\/sa\u00e7 problemleri olan bireyler i\u00e7in i\u015flem \u00f6nerilmeyebilir.<\/p>\n<h2>\u0130yile\u015fme s\u00fcrecinde nelere dikkat edilmelidir?<\/h2>\n<p>Doktorun verdi\u011fi talimatlara uyulmal\u0131, i\u015flem yap\u0131lan b\u00f6lge korunmal\u0131 ve hijyen kurallar\u0131na dikkat edilmelidir.<\/p>\n<h2>Yan etkiler var m\u0131d\u0131r?<\/h2>\n<p>Hafif \u015fi\u015flik, k\u0131zar\u0131kl\u0131k veya morluk g\u00f6r\u00fclebilir. Bu etkiler genellikle k\u0131sa s\u00fcrede ge\u00e7er.<\/p>\n<p>&nbsp;<\/p>\n","protected":false},"excerpt":{"rendered":"<p>Bi\u015fektomi, \u00f6zellikle y\u00fcz\u00fc dolgun ve yanak b\u00f6lgesi belirgin olan ki\u015filer i\u00e7in ideal bir estetik i\u015flemdir. Yuvarlak y\u00fcz hatlar\u0131na sahip bireylerde daha ince ve keskin bir g\u00f6r\u00fcn\u00fcm elde edilmesini sa\u011flar. Ancak her y\u00fcz yap\u0131s\u0131 i\u00e7in uygun olmayabilir; bu nedenle uzman de\u011ferlendirmesi gereklidir. Bi\u015fektomi sonras\u0131 y\u00fcz ne kadar s\u00fcrede incelir? \u0130\u015flem sonras\u0131nda ilk g\u00fcnlerde hafif \u015fi\u015flik olabilir. [&hellip;]<\/p>\n","protected":false},"author":1,"featured_media":7435,"comment_status":"open","ping_status":"open","sticky":false,"template":"","format":"standard","meta":{"footnotes":""},"categories":[10],"tags":[3038,2079,3736,3013,3775],"class_list":["post-7433","post","type-post","status-publish","format-standard","has-post-thumbnail","hentry","category-saglik","tag-bisektomi","tag-burun-dolgusu","tag-estetik-islemler","tag-sac-ekimi-2","tag-yuz-inceltme"],"_links":{"self":[{"href":"https:\/\/ademocut.com\/blog\/wp-json\/wp\/v2\/posts\/7433","targetHints":{"allow":["GET"]}}],"collection":[{"href":"https:\/\/ademocut.com\/blog\/wp-json\/wp\/v2\/posts"}],"about":[{"href":"https:\/\/ademocut.com\/blog\/wp-json\/wp\/v2\/types\/post"}],"author":[{"embeddable":true,"href":"https:\/\/ademocut.com\/blog\/wp-json\/wp\/v2\/users\/1"}],"replies":[{"embeddable":true,"href":"https:\/\/ademocut.com\/blog\/wp-json\/wp\/v2\/comments?post=7433"}],"version-history":[{"count":1,"href":"https:\/\/ademocut.com\/blog\/wp-json\/wp\/v2\/posts\/7433\/revisions"}],"predecessor-version":[{"id":7434,"href":"https:\/\/ademocut.com\/blog\/wp-json\/wp\/v2\/posts\/7433\/revisions\/7434"}],"wp:featuredmedia":[{"embeddable":true,"href":"https:\/\/ademocut.com\/blog\/wp-json\/wp\/v2\/media\/7435"}],"wp:attachment":[{"href":"https:\/\/ademocut.com\/blog\/wp-json\/wp\/v2\/media?parent=7433"}],"wp:term":[{"taxonomy":"category","embeddable":true,"href":"https:\/\/ademocut.com\/blog\/wp-json\/wp\/v2\/categories?post=7433"},{"taxonomy":"post_tag","embeddable":true,"href":"https:\/\/ademocut.com\/blog\/wp-json\/wp\/v2\/tags?post=7433"}],"curies":[{"name":"wp","href":"https:\/\/api.w.org\/{rel}","templated":true}]}}