{"id":7423,"date":"2026-04-08T23:04:14","date_gmt":"2026-04-08T20:04:14","guid":{"rendered":"https:\/\/ademocut.com\/blog\/?p=7423"},"modified":"2026-04-28T23:08:03","modified_gmt":"2026-04-28T20:08:03","slug":"katarakt-ve-sari-nokta-hastaligi-arasindaki-fark-nedir","status":"publish","type":"post","link":"https:\/\/ademocut.com\/blog\/katarakt-ve-sari-nokta-hastaligi-arasindaki-fark-nedir\/","title":{"rendered":"Katarakt ve sar\u0131 nokta hastal\u0131\u011f\u0131 aras\u0131ndaki fark nedir?"},"content":{"rendered":"<p>G\u00f6z sa\u011fl\u0131\u011f\u0131yla ilgili en \u00e7ok kar\u0131\u015ft\u0131r\u0131lan rahats\u0131zl\u0131klar\u0131n ba\u015f\u0131nda <span style=\"color: #0000ff;\"><strong><a style=\"color: #0000ff;\" href=\"https:\/\/gokhangulkilik.com\/katarakt-ameliyati\/\">katarakt<\/a><\/strong><\/span> ve sar\u0131 nokta hastal\u0131\u011f\u0131 geliyor. \u00d6zellikle ilerleyen ya\u015fla birlikte ortaya \u00e7\u0131kmalar\u0131, g\u00f6rme kalitesini azaltmalar\u0131 ve g\u00fcndelik ya\u015fam\u0131 do\u011frudan etkilemeleri nedeniyle bu iki hastal\u0131k \u00e7o\u011fu zaman ayn\u0131 sorunmu\u015f gibi d\u00fc\u015f\u00fcn\u00fcl\u00fcyor. Oysa katarakt ile sar\u0131 nokta hastal\u0131\u011f\u0131 birbirinden farkl\u0131 iki g\u00f6z problemidir. Biri g\u00f6z merce\u011finin saydaml\u0131\u011f\u0131n\u0131 kaybetmesiyle ortaya \u00e7\u0131karken, di\u011feri retina merkezinde meydana gelen hasarla ili\u015fkilidir. Yine de bu iki hastal\u0131k aras\u0131nda \u00f6nemli bir ba\u011f vard\u0131r: \u0130kisi de ya\u015fla birlikte daha s\u0131k g\u00f6r\u00fcl\u00fcr, ikisi de g\u00f6rmede azalmaya yol a\u00e7abilir ve baz\u0131 ki\u015filerde ayn\u0131 anda bulunabilir. Bu nedenle bulan\u0131k g\u00f6rme, merkezi g\u00f6r\u00fc\u015fte bozulma, \u0131\u015f\u0131k hassasiyeti ya da yaz\u0131lar\u0131 se\u00e7ememe gibi belirtiler ciddiye al\u0131nmal\u0131, s\u0131radan bir numara de\u011fi\u015fimi gibi de\u011ferlendirilmemelidir.<\/p>\n<h2>Katarakt nedir?<\/h2>\n<p>Katarakt, g\u00f6z\u00fcn do\u011fal merce\u011finin zaman i\u00e7inde \u015feffafl\u0131\u011f\u0131n\u0131 kaybederek bulan\u0131kla\u015fmas\u0131d\u0131r. Sa\u011fl\u0131kl\u0131 bir g\u00f6z merce\u011fi, \u0131\u015f\u0131\u011f\u0131n retina \u00fczerine net \u015fekilde d\u00fc\u015fmesini sa\u011flar. Ancak katarakt geli\u015fti\u011finde bu netlik bozulur ve ki\u015fi \u00e7evresini sanki puslu bir cam\u0131n arkas\u0131ndan g\u00f6r\u00fcyormu\u015f gibi hissetmeye ba\u015flar. Katarakt \u00e7o\u011funlukla ya\u015flanmaya ba\u011fl\u0131 ortaya \u00e7\u0131kar, ancak baz\u0131 durumlarda travma, diyabet, uzun s\u00fcreli kortizon kullan\u0131m\u0131 ya da genetik yatk\u0131nl\u0131k da etkili olabilir. Hastal\u0131k genellikle yava\u015f ilerler ve ilk d\u00f6nemlerde ki\u015fi sadece hafif bir bulan\u0131kl\u0131k hissetse de zamanla gece g\u00f6r\u00fc\u015f\u00fcnde azalma, \u0131\u015f\u0131k sa\u00e7\u0131lmas\u0131, renklerde solukluk ve g\u00fcnl\u00fck ya\u015famda belirgin g\u00f6rme kayb\u0131 ortaya \u00e7\u0131kabilir.<\/p>\n<h2>Sar\u0131 nokta hastal\u0131\u011f\u0131 nedir?<\/h2>\n<p>Sar\u0131 nokta hastal\u0131\u011f\u0131 ise g\u00f6z\u00fcn arka k\u0131sm\u0131nda bulunan ve merkezi g\u00f6rmeden sorumlu olan makula b\u00f6lgesini etkiler. Bu b\u00f6lge, \u00f6zellikle okumak, y\u00fcz tan\u0131mak, telefon ekran\u0131na bakmak, ara\u00e7 kullanmak ve detay se\u00e7mek gibi g\u00fcnl\u00fck i\u015fler i\u00e7in son derece \u00f6nemlidir. Sar\u0131 nokta hastal\u0131\u011f\u0131nda ki\u015fi genellikle tam kar\u015f\u0131s\u0131na bakt\u0131\u011f\u0131 alan\u0131 net g\u00f6remez. Yaz\u0131lar e\u011fri ya da silik g\u00f6r\u00fcnebilir, y\u00fcz hatlar\u0131 se\u00e7ilemeyebilir ve g\u00f6r\u00fcnt\u00fcn\u00fcn ortas\u0131nda bo\u015fluk hissi olu\u015fabilir. Bu hastal\u0131k da daha \u00e7ok ileri ya\u015f grubunda g\u00f6r\u00fcl\u00fcr. Kuru ve ya\u015f tip olmak \u00fczere iki ana formu vard\u0131r. Kuru tip daha yava\u015f ilerlerken, ya\u015f tip daha h\u0131zl\u0131 g\u00f6rme kayb\u0131na neden olabilir. Bu nedenle erken tan\u0131 burada \u00e7ok daha kritik hale gelir.<\/p>\n<h2>Katarakt ile sar\u0131 nokta hastal\u0131\u011f\u0131 neden kar\u0131\u015ft\u0131r\u0131l\u0131r?<\/h2>\n<p>Bu iki hastal\u0131\u011f\u0131n s\u0131k kar\u0131\u015ft\u0131r\u0131lmas\u0131n\u0131n en temel nedeni, her ikisinin de g\u00f6rme kalitesini bozmas\u0131d\u0131r. Ki\u015fi her iki durumda da \u201cbulan\u0131k g\u00f6r\u00fcyorum\u201d diyebilir. Ancak belirtilerin niteli\u011fi farkl\u0131d\u0131r. Katarakt daha genel bir puslanma yarat\u0131r. Sanki t\u00fcm g\u00f6r\u00fcnt\u00fcn\u00fcn \u00fcst\u00fcne ince bir perde inmi\u015f gibidir. Sar\u0131 nokta hastal\u0131\u011f\u0131nda ise sorun daha \u00e7ok merkezdedir. Yani ki\u015fi yan taraflar\u0131 g\u00f6rebilir ama bakt\u0131\u011f\u0131 noktan\u0131n ortas\u0131 net olmaz. Bu fark \u00e7o\u011fu zaman hasta taraf\u0131ndan tam ay\u0131rt edilemez. \u0130\u015fte bu y\u00fczden g\u00f6z muayenesi b\u00fcy\u00fck \u00f6nem ta\u015f\u0131r. \u00d6zellikle ileri ya\u015f grubunda hem katarakt hem sar\u0131 nokta hastal\u0131\u011f\u0131 ayn\u0131 anda g\u00f6r\u00fclebilece\u011fi i\u00e7in yaln\u0131zca \u015fik\u00e2yete bakarak karar vermek \u00e7o\u011fu zaman yeterli olmaz.<\/p>\n<h2>Katarakt ve sar\u0131 nokta hastal\u0131\u011f\u0131 birlikte g\u00f6r\u00fclebilir mi?<\/h2>\n<p>Evet, birlikte g\u00f6r\u00fclebilir. Bu durum \u00f6zellikle ileri ya\u015f grubunda olduk\u00e7a \u00f6nemlidir. Bir ki\u015fide hem g\u00f6z merce\u011finde bulan\u0131kla\u015fma hem de makula b\u00f6lgesinde bozulma olabilir. B\u00f6yle bir durumda g\u00f6rme kayb\u0131n\u0131n kayna\u011f\u0131n\u0131 do\u011fru belirlemek gerekir. \u00c7\u00fcnk\u00fc hasta yaln\u0131zca katarakt oldu\u011funu d\u00fc\u015f\u00fcn\u00fcyor olabilir, ancak g\u00f6rmedeki as\u0131l belirgin sorun sar\u0131 noktadan kaynaklan\u0131yor olabilir. Ayn\u0131 \u015fekilde sar\u0131 nokta hastal\u0131\u011f\u0131 olan bir ki\u015fide, katarakt geli\u015fti\u011finde g\u00f6rme daha da d\u00fc\u015febilir. Bu y\u00fczden detayl\u0131 g\u00f6z muayenesi, tedavi plan\u0131n\u0131n do\u011fru yap\u0131lmas\u0131nda belirleyici rol oynar.<\/p>\n<h2>Katarakt ameliyat\u0131 sar\u0131 nokta hastal\u0131\u011f\u0131n\u0131 d\u00fczeltir mi?<\/h2>\n<p>Hay\u0131r, katarakt ameliyat\u0131 sar\u0131 nokta hastal\u0131\u011f\u0131n\u0131 ortadan kald\u0131rmaz. Katarakt ameliyat\u0131, mercekteki bulan\u0131kl\u0131\u011f\u0131 giderir. E\u011fer ki\u015fide hem katarakt hem sar\u0131 nokta hastal\u0131\u011f\u0131 varsa, ameliyat sonras\u0131nda g\u00f6r\u00fcnt\u00fcde bir a\u00e7\u0131lma olabilir; ancak merkezi g\u00f6rme kayb\u0131 devam edebilir. Bu noktada hastan\u0131n ameliyat sonras\u0131 beklentisinin ger\u00e7ek\u00e7i olmas\u0131 \u00e7ok \u00f6nemlidir. Baz\u0131 ki\u015filer ameliyat sonras\u0131 tamamen net g\u00f6rece\u011fini d\u00fc\u015f\u00fcnebilir, ancak makulada hasar varsa g\u00f6rme art\u0131\u015f\u0131 s\u0131n\u0131rl\u0131 kalabilir. Bu nedenle ameliyat \u00f6ncesinde detayl\u0131 de\u011ferlendirme yap\u0131lmas\u0131 gerekir.<\/p>\n<h3>Katarakt ile sar\u0131 nokta hastal\u0131\u011f\u0131 ayn\u0131 \u015fey midir?<\/h3>\n<p>Hay\u0131r, ayn\u0131 \u015fey de\u011fildir. Katarakt g\u00f6z merce\u011finin bulan\u0131kla\u015fmas\u0131d\u0131r, sar\u0131 nokta hastal\u0131\u011f\u0131 ise g\u00f6z\u00fcn arkas\u0131ndaki merkezi g\u00f6rme alan\u0131n\u0131 etkileyen bir retina problemidir. \u0130kisi de g\u00f6rmeyi azaltabilir ama g\u00f6zde etkiledikleri b\u00f6lge ve tedavi y\u00f6ntemleri farkl\u0131d\u0131r.<\/p>\n<h3>Katarakt sar\u0131 nokta hastal\u0131\u011f\u0131na d\u00f6n\u00fc\u015f\u00fcr m\u00fc?<\/h3>\n<p>Hay\u0131r, katarakt do\u011frudan sar\u0131 nokta hastal\u0131\u011f\u0131na d\u00f6n\u00fc\u015fmez. Bunlar farkl\u0131 hastal\u0131klard\u0131r. Ancak ayn\u0131 ki\u015fide ikisi birden g\u00f6r\u00fclebilir ve bu durum g\u00f6rme sorunlar\u0131n\u0131 daha karma\u015f\u0131k hale getirebilir.<\/p>\n<h3>Sar\u0131 nokta hastal\u0131\u011f\u0131 olan biri katarakt ameliyat\u0131 olabilir mi?<\/h3>\n<p>Evet, olabilir. Ancak ameliyat karar\u0131 ki\u015fideki genel g\u00f6z yap\u0131s\u0131na ve sar\u0131 nokta hastal\u0131\u011f\u0131n\u0131n seviyesine g\u00f6re de\u011ferlendirilir. Katarakt ameliyat\u0131 mercekteki bulan\u0131kl\u0131\u011f\u0131 giderir ama sar\u0131 nokta hastal\u0131\u011f\u0131na ba\u011fl\u0131 merkezi g\u00f6rme kayb\u0131n\u0131 tamamen d\u00fczeltmez.<\/p>\n<h3>Hangi hastal\u0131k daha tehlikelidir?<\/h3>\n<p>Bu sorunun tek bir cevab\u0131 yoktur. Katarakt genellikle ameliyatla d\u00fczeltilebilen bir sorundur. Sar\u0131 nokta hastal\u0131\u011f\u0131 ise \u00f6zellikle merkezi g\u00f6rmeyi etkiledi\u011fi i\u00e7in daha dikkatli takip gerektirebilir. \u00d6zellikle h\u0131zl\u0131 ilerleyen tiplerinde erken m\u00fcdahale \u00e7ok \u00f6nemlidir.<\/p>\n<p>&nbsp;<\/p>\n","protected":false},"excerpt":{"rendered":"<p>G\u00f6z sa\u011fl\u0131\u011f\u0131yla ilgili en \u00e7ok kar\u0131\u015ft\u0131r\u0131lan rahats\u0131zl\u0131klar\u0131n ba\u015f\u0131nda katarakt ve sar\u0131 nokta hastal\u0131\u011f\u0131 geliyor. \u00d6zellikle ilerleyen ya\u015fla birlikte ortaya \u00e7\u0131kmalar\u0131, g\u00f6rme kalitesini azaltmalar\u0131 ve g\u00fcndelik ya\u015fam\u0131 do\u011frudan etkilemeleri nedeniyle bu iki hastal\u0131k \u00e7o\u011fu zaman ayn\u0131 sorunmu\u015f gibi d\u00fc\u015f\u00fcn\u00fcl\u00fcyor. Oysa katarakt ile sar\u0131 nokta hastal\u0131\u011f\u0131 birbirinden farkl\u0131 iki g\u00f6z problemidir. Biri g\u00f6z merce\u011finin saydaml\u0131\u011f\u0131n\u0131 kaybetmesiyle ortaya [&hellip;]<\/p>\n","protected":false},"author":1,"featured_media":7425,"comment_status":"open","ping_status":"open","sticky":false,"template":"","format":"standard","meta":{"footnotes":""},"categories":[10],"tags":[3769,3771,3767,3770,3768],"class_list":["post-7423","post","type-post","status-publish","format-standard","has-post-thumbnail","hentry","category-saglik","tag-gorme-kaybi","tag-goz-sagligi","tag-katarakt","tag-makula-dejenerasyonu","tag-sari-nokta-hastaligi"],"_links":{"self":[{"href":"https:\/\/ademocut.com\/blog\/wp-json\/wp\/v2\/posts\/7423","targetHints":{"allow":["GET"]}}],"collection":[{"href":"https:\/\/ademocut.com\/blog\/wp-json\/wp\/v2\/posts"}],"about":[{"href":"https:\/\/ademocut.com\/blog\/wp-json\/wp\/v2\/types\/post"}],"author":[{"embeddable":true,"href":"https:\/\/ademocut.com\/blog\/wp-json\/wp\/v2\/users\/1"}],"replies":[{"embeddable":true,"href":"https:\/\/ademocut.com\/blog\/wp-json\/wp\/v2\/comments?post=7423"}],"version-history":[{"count":1,"href":"https:\/\/ademocut.com\/blog\/wp-json\/wp\/v2\/posts\/7423\/revisions"}],"predecessor-version":[{"id":7424,"href":"https:\/\/ademocut.com\/blog\/wp-json\/wp\/v2\/posts\/7423\/revisions\/7424"}],"wp:featuredmedia":[{"embeddable":true,"href":"https:\/\/ademocut.com\/blog\/wp-json\/wp\/v2\/media\/7425"}],"wp:attachment":[{"href":"https:\/\/ademocut.com\/blog\/wp-json\/wp\/v2\/media?parent=7423"}],"wp:term":[{"taxonomy":"category","embeddable":true,"href":"https:\/\/ademocut.com\/blog\/wp-json\/wp\/v2\/categories?post=7423"},{"taxonomy":"post_tag","embeddable":true,"href":"https:\/\/ademocut.com\/blog\/wp-json\/wp\/v2\/tags?post=7423"}],"curies":[{"name":"wp","href":"https:\/\/api.w.org\/{rel}","templated":true}]}}