{"id":7420,"date":"2026-04-08T14:00:00","date_gmt":"2026-04-08T11:00:00","guid":{"rendered":"https:\/\/ademocut.com\/blog\/?p=7420"},"modified":"2026-04-28T23:03:18","modified_gmt":"2026-04-28T20:03:18","slug":"retina-yirtilmasi-nedir-ve-nasil-olusur","status":"publish","type":"post","link":"https:\/\/ademocut.com\/blog\/retina-yirtilmasi-nedir-ve-nasil-olusur\/","title":{"rendered":"Retina y\u0131rt\u0131lmas\u0131 nedir ve nas\u0131l olu\u015fur?"},"content":{"rendered":"<p>Retina y\u0131rt\u0131lmas\u0131, g\u00f6z\u00fcn arka k\u0131sm\u0131nda bulunan retina tabakas\u0131n\u0131n incelmesi ve y\u0131rt\u0131lmas\u0131 sonucu olu\u015fan ciddi bir g\u00f6z problemidir. Genellikle ya\u015flanma, g\u00f6z i\u00e7i jel yap\u0131s\u0131n\u0131n (vitreus) de\u011fi\u015fmesi veya travma gibi nedenlerle ortaya \u00e7\u0131kar. Erken te\u015fhis edilmedi\u011finde retina dekolman\u0131na yol a\u00e7abilir ve g\u00f6rme kayb\u0131na neden olabilir.<\/p>\n<h2>Retina y\u0131rt\u0131lmas\u0131 belirtileri nelerdir?<\/h2>\n<p>En s\u0131k g\u00f6r\u00fclen belirtiler aras\u0131nda ani \u0131\u015f\u0131k \u00e7akmalar\u0131, u\u00e7u\u015fan siyah noktalar ve g\u00f6rme alan\u0131nda perde inmesi hissi yer al\u0131r. Bu belirtiler fark edildi\u011finde vakit kaybetmeden <span style=\"color: #0000ff;\"><strong><a style=\"color: #0000ff;\" href=\"https:\/\/gokhangulkilik.com\/retina-dekolmani\/\">retina y\u0131rt\u0131lmas\u0131<\/a><\/strong><\/span> i\u00e7in g\u00f6z doktoruna ba\u015fvurulmas\u0131 gerekir.<\/p>\n<h2>Retina y\u0131rt\u0131lmas\u0131 nas\u0131l tedavi edilir?<\/h2>\n<p>Erken evrede lazer tedavisi ile y\u0131rt\u0131k b\u00f6lge kapat\u0131labilir. \u0130leri durumlarda cerrahi m\u00fcdahale gerekebilir. Tedavi s\u00fcreci ne kadar erken ba\u015flarsa ba\u015far\u0131 oran\u0131 o kadar y\u00fcksek olur.<\/p>\n<h2>Ak\u0131ll\u0131 lens nedir ve kimler i\u00e7in uygundur?<\/h2>\n<p>Ak\u0131ll\u0131 lens, g\u00f6z i\u00e7ine yerle\u015ftirilen ve uzak, yak\u0131n ile orta mesafeyi net g\u00f6rmeyi sa\u011flayan geli\u015fmi\u015f g\u00f6z i\u00e7i lenslerdir. \u00d6zellikle g\u00f6zl\u00fck veya lens kullanmak istemeyen ki\u015filer i\u00e7in ideal bir \u00e7\u00f6z\u00fcmd\u00fcr. Katarakt hastalar\u0131nda da s\u0131kl\u0131kla tercih edilir.<\/p>\n<h2>Ak\u0131ll\u0131 lens ameliyat\u0131 nas\u0131l yap\u0131l\u0131r?<\/h2>\n<p>Bu i\u015flem, genellikle katarakt ameliyat\u0131 ile benzer \u015fekilde ger\u00e7ekle\u015ftirilir. Do\u011fal g\u00f6z merce\u011fi \u00e7\u0131kar\u0131larak yerine ak\u0131ll\u0131 lens yerle\u015ftirilir. Ameliyat k\u0131sa s\u00fcrer ve genellikle ayn\u0131 g\u00fcn taburcu olunur.<\/p>\n<h2>Ak\u0131ll\u0131 lens kal\u0131c\u0131 m\u0131d\u0131r?<\/h2>\n<p>Evet, ak\u0131ll\u0131 lensler kal\u0131c\u0131d\u0131r ve \u00f6m\u00fcr boyu kullan\u0131labilir. Tek seferlik bir i\u015flem olmas\u0131 nedeniyle uzun vadede konforlu bir \u00e7\u00f6z\u00fcm sunar.<\/p>\n<h2>Katarakt ameliyat\u0131 nedir ve neden yap\u0131l\u0131r?<\/h2>\n<p>Katarakt ameliyat\u0131, g\u00f6z merce\u011finin saydaml\u0131\u011f\u0131n\u0131 kaybetmesi sonucu olu\u015fan g\u00f6rme bozuklu\u011funu d\u00fczeltmek i\u00e7in yap\u0131l\u0131r. Bulan\u0131k g\u00f6rme, \u0131\u015f\u0131\u011fa hassasiyet ve gece g\u00f6r\u00fc\u015f\u00fcnde azalma gibi \u015fikayetler bu ameliyat ile giderilir.<\/p>\n<h2>Katarakt ameliyat\u0131 nas\u0131l ger\u00e7ekle\u015ftirilir?<\/h2>\n<p>Ameliyat s\u0131ras\u0131nda bulan\u0131kla\u015fm\u0131\u015f do\u011fal lens \u00e7\u0131kar\u0131l\u0131r ve yerine yapay bir g\u00f6z i\u00e7i lens yerle\u015ftirilir. \u0130\u015flem genellikle 15-20 dakika s\u00fcrer ve lokal anestezi alt\u0131nda yap\u0131l\u0131r.<\/p>\n<h2>Katarakt ameliyat\u0131 sonras\u0131 iyile\u015fme s\u00fcreci nas\u0131ld\u0131r?<\/h2>\n<p>Ameliyat sonras\u0131 g\u00f6rme genellikle k\u0131sa s\u00fcrede d\u00fczelir. \u0130lk birka\u00e7 g\u00fcn hafif bulan\u0131kl\u0131k olabilir ancak zamanla netle\u015fir. Doktorun verdi\u011fi damlalar\u0131n d\u00fczenli kullan\u0131lmas\u0131 iyile\u015fme s\u00fcrecini h\u0131zland\u0131r\u0131r.<\/p>\n<h2>Bu g\u00f6z tedavileri g\u00fcvenli midir?<\/h2>\n<p>Retina y\u0131rt\u0131lmas\u0131 tedavisi, ak\u0131ll\u0131 lens uygulamalar\u0131 ve katarakt ameliyat\u0131, uzman doktorlar taraf\u0131ndan yap\u0131ld\u0131\u011f\u0131nda olduk\u00e7a g\u00fcvenlidir. Modern teknolojiler sayesinde ba\u015far\u0131 oran\u0131 olduk\u00e7a y\u00fcksektir.<\/p>\n<h2>Ameliyatlar a\u011fr\u0131l\u0131 m\u0131d\u0131r?<\/h2>\n<p>Bu i\u015flemler genellikle lokal anestezi ile yap\u0131ld\u0131\u011f\u0131 i\u00e7in a\u011fr\u0131 hissedilmez. Ameliyat sonras\u0131 hafif rahats\u0131zl\u0131k olabilir ancak k\u0131sa s\u00fcrede ge\u00e7er.<\/p>\n<h2>G\u00f6rme ne kadar s\u00fcrede d\u00fczelir?<\/h2>\n<p>Katarakt ameliyat\u0131 ve ak\u0131ll\u0131 lens uygulamas\u0131nda g\u00f6rme genellikle birka\u00e7 g\u00fcn i\u00e7inde belirgin \u015fekilde d\u00fczelir. Retina y\u0131rt\u0131lmas\u0131 tedavisinde ise iyile\u015fme s\u00fcreci duruma g\u00f6re de\u011fi\u015febilir.<\/p>\n<h2>Tekrar ameliyat gerekir mi?<\/h2>\n<p>Ak\u0131ll\u0131 lens ve katarakt ameliyat\u0131 genellikle tek seferlik i\u015flemlerdir. Retina y\u0131rt\u0131lmas\u0131 ise durumun ciddiyetine g\u00f6re ek m\u00fcdahale gerektirebilir.<\/p>\n<h2>Kimler bu tedavilere uygun de\u011fildir?<\/h2>\n<p>G\u00f6z yap\u0131s\u0131 uygun olmayan ki\u015filer veya baz\u0131 ileri g\u00f6z hastal\u0131klar\u0131 olan bireyler i\u00e7in farkl\u0131 tedavi y\u00f6ntemleri de\u011ferlendirilebilir.<\/p>\n<h2>Ameliyat sonras\u0131 nelere dikkat edilmelidir?<\/h2>\n<p>G\u00f6z hijyenine dikkat edilmeli, doktorun verdi\u011fi ila\u00e7lar d\u00fczenli kullan\u0131lmal\u0131 ve g\u00f6ze darbe almaktan ka\u00e7\u0131n\u0131lmal\u0131d\u0131r.<\/p>\n<p>&nbsp;<\/p>\n","protected":false},"excerpt":{"rendered":"<p>Retina y\u0131rt\u0131lmas\u0131, g\u00f6z\u00fcn arka k\u0131sm\u0131nda bulunan retina tabakas\u0131n\u0131n incelmesi ve y\u0131rt\u0131lmas\u0131 sonucu olu\u015fan ciddi bir g\u00f6z problemidir. Genellikle ya\u015flanma, g\u00f6z i\u00e7i jel yap\u0131s\u0131n\u0131n (vitreus) de\u011fi\u015fmesi veya travma gibi nedenlerle ortaya \u00e7\u0131kar. Erken te\u015fhis edilmedi\u011finde retina dekolman\u0131na yol a\u00e7abilir ve g\u00f6rme kayb\u0131na neden olabilir. Retina y\u0131rt\u0131lmas\u0131 belirtileri nelerdir? En s\u0131k g\u00f6r\u00fclen belirtiler aras\u0131nda ani \u0131\u015f\u0131k \u00e7akmalar\u0131, [&hellip;]<\/p>\n","protected":false},"author":1,"featured_media":7422,"comment_status":"open","ping_status":"open","sticky":false,"template":"","format":"standard","meta":{"footnotes":""},"categories":[10],"tags":[3765,3766,3764,3763,3762],"class_list":["post-7420","post","type-post","status-publish","format-standard","has-post-thumbnail","hentry","category-saglik","tag-akilli-lens","tag-goz-hastaliklari","tag-goz-tedavileri","tag-katarakt-ameliyati","tag-retina-yirtilmasi"],"_links":{"self":[{"href":"https:\/\/ademocut.com\/blog\/wp-json\/wp\/v2\/posts\/7420","targetHints":{"allow":["GET"]}}],"collection":[{"href":"https:\/\/ademocut.com\/blog\/wp-json\/wp\/v2\/posts"}],"about":[{"href":"https:\/\/ademocut.com\/blog\/wp-json\/wp\/v2\/types\/post"}],"author":[{"embeddable":true,"href":"https:\/\/ademocut.com\/blog\/wp-json\/wp\/v2\/users\/1"}],"replies":[{"embeddable":true,"href":"https:\/\/ademocut.com\/blog\/wp-json\/wp\/v2\/comments?post=7420"}],"version-history":[{"count":1,"href":"https:\/\/ademocut.com\/blog\/wp-json\/wp\/v2\/posts\/7420\/revisions"}],"predecessor-version":[{"id":7421,"href":"https:\/\/ademocut.com\/blog\/wp-json\/wp\/v2\/posts\/7420\/revisions\/7421"}],"wp:featuredmedia":[{"embeddable":true,"href":"https:\/\/ademocut.com\/blog\/wp-json\/wp\/v2\/media\/7422"}],"wp:attachment":[{"href":"https:\/\/ademocut.com\/blog\/wp-json\/wp\/v2\/media?parent=7420"}],"wp:term":[{"taxonomy":"category","embeddable":true,"href":"https:\/\/ademocut.com\/blog\/wp-json\/wp\/v2\/categories?post=7420"},{"taxonomy":"post_tag","embeddable":true,"href":"https:\/\/ademocut.com\/blog\/wp-json\/wp\/v2\/tags?post=7420"}],"curies":[{"name":"wp","href":"https:\/\/api.w.org\/{rel}","templated":true}]}}