{"id":7417,"date":"2026-04-07T22:55:50","date_gmt":"2026-04-07T19:55:50","guid":{"rendered":"https:\/\/ademocut.com\/blog\/?p=7417"},"modified":"2026-04-28T22:58:53","modified_gmt":"2026-04-28T19:58:53","slug":"yuksekte-calisma-yonetmeligi-nedir","status":"publish","type":"post","link":"https:\/\/ademocut.com\/blog\/yuksekte-calisma-yonetmeligi-nedir\/","title":{"rendered":"Y\u00fcksekte \u00e7al\u0131\u015fma y\u00f6netmeli\u011fi nedir ve kimleri kapsar?"},"content":{"rendered":"<p>Y\u00fcksekte \u00e7al\u0131\u015fma y\u00f6netmeli\u011fi, \u00e7al\u0131\u015fanlar\u0131n belirli bir y\u00fckseklikten d\u00fc\u015fme riskine kar\u015f\u0131 korunmas\u0131n\u0131 ama\u00e7layan i\u015f sa\u011fl\u0131\u011f\u0131 ve g\u00fcvenli\u011fi d\u00fczenlemeleridir. \u0130n\u015faat, bak\u0131m-onar\u0131m, temizlik ve enerji sekt\u00f6rleri ba\u015fta olmak \u00fczere <span style=\"color: #0000ff;\"><strong><a style=\"color: #0000ff;\" href=\"https:\/\/galenosgb.com\/hizmetlerimiz\/yuksekte-calisma-yonetmeligi\/\">y\u00fcksekte \u00e7al\u0131\u015fma<\/a><\/strong><\/span> yap\u0131lan t\u00fcm i\u015f alanlar\u0131n\u0131 kapsar. Bu y\u00f6netmelik, i\u015fverenlere gerekli g\u00fcvenlik \u00f6nlemlerini alma ve \u00e7al\u0131\u015fanlar\u0131 e\u011fitme sorumlulu\u011fu y\u00fckler.<\/p>\n<h2>Y\u00fcksekte \u00e7al\u0131\u015fma y\u00f6netmeli\u011fine g\u00f6re al\u0131nmas\u0131 gereken \u00f6nlemler nelerdir?<\/h2>\n<p>Y\u00f6netmeli\u011fe g\u00f6re \u00e7al\u0131\u015fanlar\u0131n uygun ki\u015fisel koruyucu ekipman kullanmas\u0131 zorunludur. Emniyet kemeri, ya\u015fam hatt\u0131, korkuluk sistemleri ve g\u00fcvenlik a\u011flar\u0131 gibi \u00f6nlemler al\u0131nmal\u0131d\u0131r. Ayr\u0131ca \u00e7al\u0131\u015fanlara d\u00fczenli e\u011fitim verilmesi ve risk analizlerinin yap\u0131lmas\u0131 gerekir. Bu uygulamalar, i\u015f kazalar\u0131n\u0131n \u00f6nlenmesinde kritik rol oynar.<\/p>\n<h2>Y\u00fcksekte \u00e7al\u0131\u015fma e\u011fitimleri zorunlu mudur?<\/h2>\n<p>Evet, y\u00fcksekte \u00e7al\u0131\u015fma yapan personelin e\u011fitim almas\u0131 zorunludur. Bu e\u011fitimler, \u00e7al\u0131\u015fanlar\u0131n riskleri tan\u0131mas\u0131n\u0131 ve do\u011fru ekipman kullanmas\u0131n\u0131 sa\u011flar. E\u011fitim almayan personelin y\u00fcksekte \u00e7al\u0131\u015ft\u0131r\u0131lmas\u0131 yasal a\u00e7\u0131dan uygun de\u011fildir.<\/p>\n<h2>\u0130\u015fe giri\u015f sa\u011fl\u0131k raporu nedir ve neden gereklidir?<\/h2>\n<p>\u0130\u015fe giri\u015f sa\u011fl\u0131k raporu, bir \u00e7al\u0131\u015fan\u0131n i\u015fe ba\u015flamadan \u00f6nce sa\u011fl\u0131k durumunun i\u015fe uygun olup olmad\u0131\u011f\u0131n\u0131 belirlemek amac\u0131yla al\u0131nan resmi bir belgedir. Bu rapor, hem \u00e7al\u0131\u015fan\u0131n sa\u011fl\u0131\u011f\u0131n\u0131 korumak hem de i\u015fyerinde olu\u015fabilecek riskleri \u00f6nlemek i\u00e7in b\u00fcy\u00fck \u00f6nem ta\u015f\u0131r.<\/p>\n<h2>\u0130\u015fe giri\u015f sa\u011fl\u0131k raporu nas\u0131l al\u0131n\u0131r?<\/h2>\n<p>Bu rapor, i\u015fyeri hekimi veya yetkili sa\u011fl\u0131k kurulu\u015flar\u0131 taraf\u0131ndan verilir. \u00c7al\u0131\u015fan\u0131n yapaca\u011f\u0131 i\u015fe g\u00f6re gerekli tetkikler belirlenir ve sa\u011fl\u0131k de\u011ferlendirmesi yap\u0131l\u0131r. Gerekli g\u00f6r\u00fclen durumlarda ek testler de istenebilir.<\/p>\n<h2>\u0130\u015fe giri\u015f sa\u011fl\u0131k raporu hangi durumlarda zorunludur?<\/h2>\n<p>6331 say\u0131l\u0131 \u0130\u015f Sa\u011fl\u0131\u011f\u0131 ve G\u00fcvenli\u011fi Kanunu kapsam\u0131nda t\u00fcm \u00e7al\u0131\u015fanlar i\u00e7in i\u015fe giri\u015f sa\u011fl\u0131k raporu zorunludur. \u00d6zellikle tehlikeli ve \u00e7ok tehlikeli i\u015flerde \u00e7al\u0131\u015fanlar i\u00e7in bu raporun al\u0131nmas\u0131 b\u00fcy\u00fck \u00f6nem ta\u015f\u0131r.<\/p>\n<h2>Sivil savunma plan\u0131 nedir ve neden haz\u0131rlan\u0131r?<\/h2>\n<p>Sivil savunma plan\u0131, afet ve acil durumlarda can ve mal kayb\u0131n\u0131 en aza indirmek amac\u0131yla haz\u0131rlanan stratejik bir pland\u0131r. Deprem, yang\u0131n, sel gibi durumlarda nas\u0131l hareket edilece\u011fini belirler. Kurumlar\u0131n kriz anlar\u0131nda h\u0131zl\u0131 ve etkili m\u00fcdahale edebilmesi i\u00e7in hayati \u00f6neme sahiptir.<\/p>\n<h2>Sivil savunma plan\u0131 hangi unsurlar\u0131 i\u00e7erir?<\/h2>\n<p>Plan; risk analizi, g\u00f6rev da\u011f\u0131l\u0131m\u0131, tahliye yollar\u0131, toplanma alanlar\u0131 ve acil durum ekiplerini i\u00e7erir. Ayr\u0131ca ileti\u015fim plan\u0131 ve m\u00fcdahale y\u00f6ntemleri de detayl\u0131 \u015fekilde belirlenir. Bu sayede olas\u0131 bir kriz durumunda koordinasyon sa\u011flan\u0131r.<\/p>\n<h2>Sivil savunma plan\u0131 kimler taraf\u0131ndan haz\u0131rlanmal\u0131d\u0131r?<\/h2>\n<p>Sivil savunma plan\u0131, i\u015f g\u00fcvenli\u011fi uzmanlar\u0131 ve ilgili kurum y\u00f6neticileri taraf\u0131ndan haz\u0131rlan\u0131r. Plan\u0131n d\u00fczenli olarak g\u00fcncellenmesi ve tatbikatlarla test edilmesi gerekir.<\/p>\n<p>Genel SSS ve Bilgilendirme<\/p>\n<h2>Bu uygulamalar yasal olarak zorunlu mudur?<\/h2>\n<p>Evet, y\u00fcksekte \u00e7al\u0131\u015fma y\u00f6netmeli\u011fi, i\u015fe giri\u015f sa\u011fl\u0131k raporu ve sivil savunma plan\u0131 T\u00fcrkiye\u2019de i\u015f sa\u011fl\u0131\u011f\u0131 ve g\u00fcvenli\u011fi mevzuat\u0131 kapsam\u0131nda zorunludur. Bu kurallara uyulmamas\u0131 ciddi yapt\u0131r\u0131mlara yol a\u00e7abilir.<\/p>\n<h2>\u0130\u015fverenlerin sorumluluklar\u0131 nelerdir?<\/h2>\n<p>\u0130\u015fverenler, \u00e7al\u0131\u015fanlar\u0131n g\u00fcvenli\u011fini sa\u011flamak, gerekli e\u011fitimleri vermek ve yasal y\u00fck\u00fcml\u00fcl\u00fckleri yerine getirmekle sorumludur. Ayr\u0131ca risk analizleri yapmak ve d\u00fczenli kontroller ger\u00e7ekle\u015ftirmek zorundad\u0131r.<\/p>\n<h2>\u00c7al\u0131\u015fanlar\u0131n sorumluluklar\u0131 var m\u0131d\u0131r?<\/h2>\n<p>Evet, \u00e7al\u0131\u015fanlar da verilen e\u011fitimlere kat\u0131lmak, koruyucu ekipmanlar\u0131 kullanmak ve g\u00fcvenlik kurallar\u0131na uymakla y\u00fck\u00fcml\u00fcd\u00fcr.<\/p>\n<h2>Denetimler nas\u0131l yap\u0131l\u0131r?<\/h2>\n<p>\u0130\u015f sa\u011fl\u0131\u011f\u0131 ve g\u00fcvenli\u011fi denetimleri ilgili kamu kurumlar\u0131 taraf\u0131ndan yap\u0131l\u0131r. Eksiklik tespit edilmesi durumunda idari yapt\u0131r\u0131mlar uygulanabilir.<\/p>\n<h2>Bu s\u00fcre\u00e7ler i\u015f kazalar\u0131n\u0131 azalt\u0131r m\u0131?<\/h2>\n<p>Evet, do\u011fru uyguland\u0131\u011f\u0131nda bu \u00f6nlemler i\u015f kazalar\u0131n\u0131 ve meslek hastal\u0131klar\u0131n\u0131 \u00f6nemli \u00f6l\u00e7\u00fcde azalt\u0131r.<\/p>\n<h2>E\u011fitimlerin periyodik olarak yenilenmesi gerekir mi?<\/h2>\n<p>Evet, \u00f6zellikle y\u00fcksekte \u00e7al\u0131\u015fma gibi riskli alanlarda e\u011fitimlerin belirli aral\u0131klarla yenilenmesi zorunludur.<\/p>\n<h2>Acil durum planlar\u0131 neden \u00f6nemlidir?<\/h2>\n<p>Acil durum planlar\u0131, kriz anlar\u0131nda h\u0131zl\u0131 ve do\u011fru m\u00fcdahale edilmesini sa\u011flar. Bu da can ve mal kayb\u0131n\u0131 minimuma indirir.<\/p>\n<p>&nbsp;<\/p>\n","protected":false},"excerpt":{"rendered":"<p>Y\u00fcksekte \u00e7al\u0131\u015fma y\u00f6netmeli\u011fi, \u00e7al\u0131\u015fanlar\u0131n belirli bir y\u00fckseklikten d\u00fc\u015fme riskine kar\u015f\u0131 korunmas\u0131n\u0131 ama\u00e7layan i\u015f sa\u011fl\u0131\u011f\u0131 ve g\u00fcvenli\u011fi d\u00fczenlemeleridir. \u0130n\u015faat, bak\u0131m-onar\u0131m, temizlik ve enerji sekt\u00f6rleri ba\u015fta olmak \u00fczere y\u00fcksekte \u00e7al\u0131\u015fma yap\u0131lan t\u00fcm i\u015f alanlar\u0131n\u0131 kapsar. Bu y\u00f6netmelik, i\u015fverenlere gerekli g\u00fcvenlik \u00f6nlemlerini alma ve \u00e7al\u0131\u015fanlar\u0131 e\u011fitme sorumlulu\u011fu y\u00fckler. Y\u00fcksekte \u00e7al\u0131\u015fma y\u00f6netmeli\u011fine g\u00f6re al\u0131nmas\u0131 gereken \u00f6nlemler nelerdir? Y\u00f6netmeli\u011fe g\u00f6re [&hellip;]<\/p>\n","protected":false},"author":1,"featured_media":7419,"comment_status":"open","ping_status":"open","sticky":false,"template":"","format":"standard","meta":{"footnotes":""},"categories":[13],"tags":[3759,3758,3761,2995],"class_list":["post-7417","post","type-post","status-publish","format-standard","has-post-thumbnail","hentry","category-internet","tag-is-sagligi-ve-guvenligi","tag-ise-giris-saglik-raporu","tag-sivil-savunma-plani","tag-yuksekte-calisma-yonetmeligi"],"_links":{"self":[{"href":"https:\/\/ademocut.com\/blog\/wp-json\/wp\/v2\/posts\/7417","targetHints":{"allow":["GET"]}}],"collection":[{"href":"https:\/\/ademocut.com\/blog\/wp-json\/wp\/v2\/posts"}],"about":[{"href":"https:\/\/ademocut.com\/blog\/wp-json\/wp\/v2\/types\/post"}],"author":[{"embeddable":true,"href":"https:\/\/ademocut.com\/blog\/wp-json\/wp\/v2\/users\/1"}],"replies":[{"embeddable":true,"href":"https:\/\/ademocut.com\/blog\/wp-json\/wp\/v2\/comments?post=7417"}],"version-history":[{"count":1,"href":"https:\/\/ademocut.com\/blog\/wp-json\/wp\/v2\/posts\/7417\/revisions"}],"predecessor-version":[{"id":7418,"href":"https:\/\/ademocut.com\/blog\/wp-json\/wp\/v2\/posts\/7417\/revisions\/7418"}],"wp:featuredmedia":[{"embeddable":true,"href":"https:\/\/ademocut.com\/blog\/wp-json\/wp\/v2\/media\/7419"}],"wp:attachment":[{"href":"https:\/\/ademocut.com\/blog\/wp-json\/wp\/v2\/media?parent=7417"}],"wp:term":[{"taxonomy":"category","embeddable":true,"href":"https:\/\/ademocut.com\/blog\/wp-json\/wp\/v2\/categories?post=7417"},{"taxonomy":"post_tag","embeddable":true,"href":"https:\/\/ademocut.com\/blog\/wp-json\/wp\/v2\/tags?post=7417"}],"curies":[{"name":"wp","href":"https:\/\/api.w.org\/{rel}","templated":true}]}}