{"id":7411,"date":"2026-04-06T22:43:36","date_gmt":"2026-04-06T19:43:36","guid":{"rendered":"https:\/\/ademocut.com\/blog\/?p=7411"},"modified":"2026-04-28T22:48:09","modified_gmt":"2026-04-28T19:48:09","slug":"karaciger-yaglanmasi-nedir-ve-neden-olusur","status":"publish","type":"post","link":"https:\/\/ademocut.com\/blog\/karaciger-yaglanmasi-nedir-ve-neden-olusur\/","title":{"rendered":"Karaci\u011fer ya\u011flanmas\u0131 nedir ve neden olu\u015fur?"},"content":{"rendered":"<p>Karaci\u011fer ya\u011flanmas\u0131, karaci\u011fer h\u00fccrelerinde normalden fazla ya\u011f birikmesi sonucu ortaya \u00e7\u0131kan bir durumdur. En s\u0131k nedenleri aras\u0131nda sa\u011fl\u0131ks\u0131z beslenme, a\u015f\u0131r\u0131 kilo, hareketsiz ya\u015fam tarz\u0131 ve ins\u00fclin direnci yer al\u0131r. Ayr\u0131ca alkol t\u00fcketimi de <span style=\"color: #0000ff;\"><strong><a style=\"color: #0000ff;\" href=\"https:\/\/www.eylemkaratay.com\/karaciger-yaglanmasi\/\">karaci\u011fer ya\u011flanmas\u0131<\/a><\/strong><\/span>na yol a\u00e7abilir. Bu durum erken evrede belirti vermeyebilir ancak ilerledi\u011finde ciddi karaci\u011fer hastal\u0131klar\u0131na d\u00f6n\u00fc\u015febilir.<\/p>\n<h2>Karaci\u011fer ya\u011flanmas\u0131 belirtileri nelerdir?<\/h2>\n<p>\u00c7o\u011fu zaman sinsi ilerler ve belirti vermeyebilir. Ancak ilerleyen durumlarda halsizlik, sa\u011f \u00fcst kar\u0131n b\u00f6lgesinde rahats\u0131zl\u0131k hissi ve genel yorgunluk g\u00f6r\u00fclebilir. Baz\u0131 ki\u015filerde kilo art\u0131\u015f\u0131 ve metabolik sorunlar da e\u015flik edebilir.<\/p>\n<h2>Karaci\u011fer ya\u011flanmas\u0131 nas\u0131l kontrol alt\u0131na al\u0131n\u0131r?<\/h2>\n<p>En etkili y\u00f6ntem ya\u015fam tarz\u0131 de\u011fi\u015fikli\u011fidir. Dengeli beslenme, d\u00fczenli egzersiz ve kilo kontrol\u00fc bu s\u00fcre\u00e7te b\u00fcy\u00fck \u00f6nem ta\u015f\u0131r. \u015eeker ve i\u015flenmi\u015f g\u0131dalar\u0131n azalt\u0131lmas\u0131, sa\u011fl\u0131kl\u0131 ya\u011flar\u0131n tercih edilmesi karaci\u011fer sa\u011fl\u0131\u011f\u0131n\u0131 olumlu y\u00f6nde etkiler.<\/p>\n<h2>Kolonoskopi nedir ve neden yap\u0131l\u0131r?<\/h2>\n<p>Kolonoskopi, kal\u0131n ba\u011f\u0131rsak ve rektumun i\u00e7 y\u00fczeyinin detayl\u0131 \u015fekilde incelenmesini sa\u011flayan bir g\u00f6r\u00fcnt\u00fcleme y\u00f6ntemidir. \u00d6zellikle ba\u011f\u0131rsak kanseri taramas\u0131, polip tespiti ve sindirim sistemi \u015fikayetlerinin de\u011ferlendirilmesi i\u00e7in kullan\u0131l\u0131r. Erken te\u015fhis a\u00e7\u0131s\u0131ndan olduk\u00e7a \u00f6nemli bir i\u015flemdir.<\/p>\n<h2>Kolonoskopi i\u015flemi nas\u0131l ger\u00e7ekle\u015ftirilir?<\/h2>\n<p>\u0130\u015flem s\u0131ras\u0131nda ince ve esnek bir kamera sistemi kullan\u0131larak ba\u011f\u0131rsak i\u00e7i g\u00f6r\u00fcnt\u00fclenir. Genellikle sedasyon alt\u0131nda yap\u0131ld\u0131\u011f\u0131 i\u00e7in hasta herhangi bir a\u011fr\u0131 hissetmez. \u0130\u015flem s\u00fcresi ortalama 20-30 dakika aras\u0131nda de\u011fi\u015fir.<\/p>\n<h2>Kolonoskopi \u00f6ncesi haz\u0131rl\u0131k neden \u00f6nemlidir?<\/h2>\n<p>Ba\u011f\u0131rsaklar\u0131n tamamen temiz olmas\u0131, g\u00f6r\u00fcnt\u00fc kalitesini do\u011frudan etkiler. Bu nedenle i\u015flem \u00f6ncesinde \u00f6zel diyet ve ba\u011f\u0131rsak temizleyici ila\u00e7lar kullan\u0131l\u0131r. Do\u011fru haz\u0131rl\u0131k, i\u015flemin ba\u015far\u0131s\u0131n\u0131 art\u0131r\u0131r.<\/p>\n<h2>Karaci\u011fer ya\u011flanmas\u0131 tehlikeli midir?<\/h2>\n<p>Erken evrede kontrol alt\u0131na al\u0131nabilir ancak tedavi edilmezse siroz gibi ciddi hastal\u0131klara ilerleyebilir.<\/p>\n<h2>Kolonoskopi ne s\u0131kl\u0131kla yap\u0131lmal\u0131d\u0131r?<\/h2>\n<p>Risk durumuna g\u00f6re de\u011fi\u015fmekle birlikte genellikle 45 ya\u015f sonras\u0131 d\u00fczenli tarama \u00f6nerilir.<\/p>\n<h2>Bu iki durum birbiriyle ili\u015fkili midir?<\/h2>\n<p>Do\u011frudan ili\u015fkili de\u011fildir ancak sa\u011fl\u0131ks\u0131z ya\u015fam tarz\u0131 her iki durumu da olumsuz etkileyebilir.<\/p>\n<h2>Kolonoskopi a\u011fr\u0131l\u0131 bir i\u015flem midir?<\/h2>\n<p>Genellikle sedasyon alt\u0131nda yap\u0131ld\u0131\u011f\u0131 i\u00e7in a\u011fr\u0131 hissedilmez ve konforlu bir i\u015flemdir.<\/p>\n<h2>Karaci\u011fer ya\u011flanmas\u0131 tamamen iyile\u015fir mi?<\/h2>\n<p>Evet, erken d\u00f6nemde ya\u015fam tarz\u0131 de\u011fi\u015fiklikleri ile tamamen gerileyebilir.<\/p>\n<h2>Kolonoskopi sonras\u0131 g\u00fcnl\u00fck hayata d\u00f6n\u00fc\u015f nas\u0131ld\u0131r?<\/h2>\n<p>\u0130\u015flem sonras\u0131 k\u0131sa s\u00fcrede normal hayata d\u00f6n\u00fclebilir ancak sedasyon etkisi nedeniyle o g\u00fcn dinlenmek \u00f6nerilir.<\/p>\n<h2>Kimler risk alt\u0131ndad\u0131r?<\/h2>\n<p>Fazla kilolu ki\u015filer, sa\u011fl\u0131ks\u0131z beslenenler ve ailesinde ba\u011f\u0131rsak hastal\u0131\u011f\u0131 \u00f6yk\u00fcs\u00fc olanlar risk alt\u0131ndad\u0131r.<\/p>\n<h2>Belirtiler ortaya \u00e7\u0131kmadan test yap\u0131lmal\u0131 m\u0131?<\/h2>\n<p>Evet, \u00f6zellikle kolonoskopi tarama amac\u0131yla belirti olmadan da yap\u0131lmal\u0131d\u0131r.<\/p>\n<h2>Erken te\u015fhis neden \u00f6nemlidir?<\/h2>\n<p>Hastal\u0131klar erken evrede tespit edildi\u011finde tedavi s\u00fcreci daha kolay ve ba\u015far\u0131l\u0131 olur.<\/p>\n<p>&nbsp;<\/p>\n","protected":false},"excerpt":{"rendered":"<p>Karaci\u011fer ya\u011flanmas\u0131, karaci\u011fer h\u00fccrelerinde normalden fazla ya\u011f birikmesi sonucu ortaya \u00e7\u0131kan bir durumdur. En s\u0131k nedenleri aras\u0131nda sa\u011fl\u0131ks\u0131z beslenme, a\u015f\u0131r\u0131 kilo, hareketsiz ya\u015fam tarz\u0131 ve ins\u00fclin direnci yer al\u0131r. Ayr\u0131ca alkol t\u00fcketimi de karaci\u011fer ya\u011flanmas\u0131na yol a\u00e7abilir. Bu durum erken evrede belirti vermeyebilir ancak ilerledi\u011finde ciddi karaci\u011fer hastal\u0131klar\u0131na d\u00f6n\u00fc\u015febilir. Karaci\u011fer ya\u011flanmas\u0131 belirtileri nelerdir? \u00c7o\u011fu zaman [&hellip;]<\/p>\n","protected":false},"author":1,"featured_media":7413,"comment_status":"open","ping_status":"open","sticky":false,"template":"","format":"standard","meta":{"footnotes":""},"categories":[10],"tags":[3753,3750,3749,3752,3751],"class_list":["post-7411","post","type-post","status-publish","format-standard","has-post-thumbnail","hentry","category-saglik","tag-bagirsak-kanseri-taramasi","tag-karaciger-yaglanmasi","tag-karaciger-yaglanmasi-belirtileri","tag-karaciger-yaglanmasi-tedavisi","tag-koloonoskopi"],"_links":{"self":[{"href":"https:\/\/ademocut.com\/blog\/wp-json\/wp\/v2\/posts\/7411","targetHints":{"allow":["GET"]}}],"collection":[{"href":"https:\/\/ademocut.com\/blog\/wp-json\/wp\/v2\/posts"}],"about":[{"href":"https:\/\/ademocut.com\/blog\/wp-json\/wp\/v2\/types\/post"}],"author":[{"embeddable":true,"href":"https:\/\/ademocut.com\/blog\/wp-json\/wp\/v2\/users\/1"}],"replies":[{"embeddable":true,"href":"https:\/\/ademocut.com\/blog\/wp-json\/wp\/v2\/comments?post=7411"}],"version-history":[{"count":1,"href":"https:\/\/ademocut.com\/blog\/wp-json\/wp\/v2\/posts\/7411\/revisions"}],"predecessor-version":[{"id":7412,"href":"https:\/\/ademocut.com\/blog\/wp-json\/wp\/v2\/posts\/7411\/revisions\/7412"}],"wp:featuredmedia":[{"embeddable":true,"href":"https:\/\/ademocut.com\/blog\/wp-json\/wp\/v2\/media\/7413"}],"wp:attachment":[{"href":"https:\/\/ademocut.com\/blog\/wp-json\/wp\/v2\/media?parent=7411"}],"wp:term":[{"taxonomy":"category","embeddable":true,"href":"https:\/\/ademocut.com\/blog\/wp-json\/wp\/v2\/categories?post=7411"},{"taxonomy":"post_tag","embeddable":true,"href":"https:\/\/ademocut.com\/blog\/wp-json\/wp\/v2\/tags?post=7411"}],"curies":[{"name":"wp","href":"https:\/\/api.w.org\/{rel}","templated":true}]}}