{"id":7405,"date":"2026-04-05T22:36:40","date_gmt":"2026-04-05T19:36:40","guid":{"rendered":"https:\/\/ademocut.com\/blog\/?p=7405"},"modified":"2026-04-28T22:39:13","modified_gmt":"2026-04-28T19:39:13","slug":"burun-estetigi-nedir-ve-hangi-sorunlari-duzeltir","status":"publish","type":"post","link":"https:\/\/ademocut.com\/blog\/burun-estetigi-nedir-ve-hangi-sorunlari-duzeltir\/","title":{"rendered":"Burun esteti\u011fi nedir ve hangi sorunlar\u0131 d\u00fczeltir?"},"content":{"rendered":"<p>Burun esteti\u011fi, burnun hem g\u00f6r\u00fcn\u00fcm\u00fcn\u00fc hem de fonksiyonunu iyile\u015ftirmek amac\u0131yla yap\u0131lan cerrahi bir i\u015flemdir. Burun kemeri, burun ucu d\u00fc\u015f\u00fckl\u00fc\u011f\u00fc, geni\u015f burun yap\u0131s\u0131 veya asimetri gibi estetik sorunlar bu operasyon ile d\u00fczeltilebilir. Ayn\u0131 zamanda deviasyon gibi nefes alma problemleri de giderilebilir. Ki\u015fiye \u00f6zel planlama ile y\u00fczle uyumlu, do\u011fal bir g\u00f6r\u00fcn\u00fcm elde edilir.<\/p>\n<h2>Burun esteti\u011fi ameliyat\u0131 nas\u0131l ger\u00e7ekle\u015ftirilir?<\/h2>\n<p>Burun esteti\u011fi ameliyat\u0131 a\u00e7\u0131k veya kapal\u0131 teknikle yap\u0131labilir. A\u00e7\u0131k teknikte burun alt k\u0131sm\u0131nda k\u00fc\u00e7\u00fck bir kesi bulunurken, kapal\u0131 y\u00f6ntemde t\u00fcm i\u015flemler burun i\u00e7inden ger\u00e7ekle\u015ftirilir. Operasyon s\u0131ras\u0131nda kemik ve k\u0131k\u0131rdak yap\u0131lar yeniden \u015fekillendirilir. \u0130\u015flem genellikle genel anestezi alt\u0131nda yap\u0131l\u0131r ve ortalama 1-3 saat s\u00fcrer.<\/p>\n<h2>Burun esteti\u011fi sonras\u0131 iyile\u015fme s\u00fcreci nas\u0131ld\u0131r?<\/h2>\n<p>Ameliyat sonras\u0131 ilk g\u00fcnlerde hafif \u015fi\u015flik ve morluk olu\u015fabilir. Genellikle 1 hafta i\u00e7inde atel \u00e7\u0131kar\u0131l\u0131r ve ki\u015fi g\u00fcnl\u00fck ya\u015fam\u0131na d\u00f6nebilir. Ancak burnun tam \u015feklini almas\u0131 birka\u00e7 ay s\u00fcrebilir. \u0130yile\u015fme s\u00fcrecinde darbeden korunmak ve doktor \u00f6nerilerine uymak \u00f6nemlidir.<\/p>\n<h2>Revizyon rinoplasti nedir ve neden yap\u0131l\u0131r?<\/h2>\n<p>Revizyon rinoplasti, daha \u00f6nce yap\u0131lan <span style=\"color: #0000ff;\"><strong><a style=\"color: #0000ff;\" href=\"https:\/\/drsabancelebi.com\/burun-estetigi\/\">burun esteti\u011fi<\/a><\/strong><\/span> ameliyat\u0131n\u0131n istenilen sonucu vermemesi durumunda ger\u00e7ekle\u015ftirilen ikinci d\u00fczeltme ameliyat\u0131d\u0131r. Estetik a\u00e7\u0131dan memnuniyetsizlik, fonksiyonel problemler veya zamanla olu\u015fan deformasyonlar nedeniyle tercih edilir. Bu i\u015flem, ilk ameliyata g\u00f6re daha detayl\u0131 planlama gerektirir.<\/p>\n<h2>Revizyon rinoplasti zor bir operasyon mudur?<\/h2>\n<p>Evet, revizyon rinoplasti genellikle ilk ameliyata g\u00f6re daha karma\u015f\u0131k bir i\u015flemdir. \u00c7\u00fcnk\u00fc burun dokusu daha \u00f6nce m\u00fcdahale g\u00f6rd\u00fc\u011f\u00fc i\u00e7in cerrah\u0131n daha dikkatli \u00e7al\u0131\u015fmas\u0131 gerekir. Deneyimli bir uzman taraf\u0131ndan yap\u0131ld\u0131\u011f\u0131nda ba\u015far\u0131l\u0131 sonu\u00e7lar elde edilebilir.<\/p>\n<h2>Revizyon rinoplasti ne zaman yap\u0131labilir?<\/h2>\n<p>\u0130lk ameliyattan sonra burunun tamamen iyile\u015fmesi beklenmelidir. Bu s\u00fcre genellikle 6 ay ile 1 y\u0131l aras\u0131nda de\u011fi\u015fir. Bu s\u00fcre\u00e7 tamamlanmadan yap\u0131lan m\u00fcdahaleler sa\u011fl\u0131kl\u0131 sonu\u00e7lar vermeyebilir.<\/p>\n<h2>Kulak esteti\u011fi nedir ve kimler i\u00e7in uygundur?<\/h2>\n<p>Kulak esteti\u011fi, kep\u00e7e kulak gibi estetik problemleri d\u00fczeltmek amac\u0131yla yap\u0131lan cerrahi bir i\u015flemdir. Genellikle kulaklar\u0131n ba\u015fa daha yak\u0131n hale getirilmesi sa\u011flan\u0131r. Hem \u00e7ocuklar hem de yeti\u015fkinler i\u00e7in uygun bir operasyondur ve \u00f6zellikle \u00f6zg\u00fcven art\u0131\u015f\u0131 sa\u011flar.<\/p>\n<h2>Kulak esteti\u011fi ameliyat\u0131 nas\u0131l yap\u0131l\u0131r?<\/h2>\n<p>Kulak esteti\u011fi ameliyat\u0131 genellikle lokal veya genel anestezi alt\u0131nda yap\u0131l\u0131r. Kulak arkas\u0131ndan yap\u0131lan k\u00fc\u00e7\u00fck kesiler ile k\u0131k\u0131rdak yap\u0131 \u015fekillendirilir ve kulak daha estetik bir pozisyona getirilir. \u0130\u015flem ortalama 1-2 saat s\u00fcrer.<\/p>\n<h2>Kulak esteti\u011fi sonras\u0131 iyile\u015fme s\u00fcreci nas\u0131ld\u0131r?<\/h2>\n<p>Ameliyat sonras\u0131 birka\u00e7 g\u00fcn bandaj kullan\u0131lmas\u0131 gerekebilir. \u015ei\u015flik ve hafif a\u011fr\u0131 normaldir ve k\u0131sa s\u00fcrede ge\u00e7er. Genellikle 1 hafta i\u00e7inde g\u00fcnl\u00fck ya\u015fama d\u00f6n\u00fc\u015f sa\u011flan\u0131r. \u0130lk haftalarda kula\u011f\u0131n korunmas\u0131 \u00f6nemlidir.<\/p>\n<h2>Bu estetik ameliyatlar kal\u0131c\u0131 m\u0131d\u0131r?<\/h2>\n<p>Burun esteti\u011fi ve kulak esteti\u011fi kal\u0131c\u0131 sonu\u00e7lar sunar. Revizyon rinoplasti de kal\u0131c\u0131 bir d\u00fczeltme sa\u011flar. Ancak ya\u015flanma ve cilt yap\u0131s\u0131 gibi fakt\u00f6rler zamanla k\u00fc\u00e7\u00fck de\u011fi\u015fikliklere neden olabilir.<\/p>\n<h2>Ameliyatlar a\u011fr\u0131l\u0131 m\u0131d\u0131r?<\/h2>\n<p>T\u00fcm bu i\u015flemler anestezi alt\u0131nda yap\u0131ld\u0131\u011f\u0131 i\u00e7in operasyon s\u0131ras\u0131nda a\u011fr\u0131 hissedilmez. Ameliyat sonras\u0131 hafif a\u011fr\u0131 veya rahats\u0131zl\u0131k olabilir ancak bu durum genellikle kontrol alt\u0131na al\u0131nabilir.<\/p>\n<h2>\u0130yile\u015fme s\u00fcresi ne kadar s\u00fcrer?<\/h2>\n<p>\u0130lk iyile\u015fme s\u00fcreci genellikle 1-2 hafta i\u00e7inde tamamlan\u0131r. Ancak tam sonu\u00e7lar\u0131n ortaya \u00e7\u0131kmas\u0131 birka\u00e7 ay s\u00fcrebilir. Revizyon rinoplastide bu s\u00fcre biraz daha uzun olabilir.<\/p>\n<h2>\u0130\u015flemler g\u00fcvenli midir?<\/h2>\n<p>Deneyimli cerrahlar taraf\u0131ndan uygun ko\u015fullarda yap\u0131ld\u0131\u011f\u0131nda bu estetik ameliyatlar olduk\u00e7a g\u00fcvenlidir. \u00d6ncesinde detayl\u0131 de\u011ferlendirme yap\u0131lmas\u0131 \u00f6nemlidir.<\/p>\n<h2>Ameliyat sonras\u0131 iz kal\u0131r m\u0131?<\/h2>\n<p>Burun esteti\u011finde a\u00e7\u0131k teknikte k\u00fc\u00e7\u00fck bir iz olabilir ancak genellikle fark edilmez. Kulak esteti\u011finde ise kesiler kulak arkas\u0131nda oldu\u011fu i\u00e7in g\u00f6r\u00fcnmez.<\/p>\n<h2>Kimler bu ameliyatlar\u0131 yapt\u0131ramaz?<\/h2>\n<p>Ciddi sa\u011fl\u0131k problemleri olan ki\u015filer veya ameliyata engel durumu bulunan bireyler i\u00e7in uygun olmayabilir. Bu nedenle detayl\u0131 bir doktor de\u011ferlendirmesi \u015fartt\u0131r.<\/p>\n<p>&nbsp;<\/p>\n","protected":false},"excerpt":{"rendered":"<p>Burun esteti\u011fi, burnun hem g\u00f6r\u00fcn\u00fcm\u00fcn\u00fc hem de fonksiyonunu iyile\u015ftirmek amac\u0131yla yap\u0131lan cerrahi bir i\u015flemdir. Burun kemeri, burun ucu d\u00fc\u015f\u00fckl\u00fc\u011f\u00fc, geni\u015f burun yap\u0131s\u0131 veya asimetri gibi estetik sorunlar bu operasyon ile d\u00fczeltilebilir. Ayn\u0131 zamanda deviasyon gibi nefes alma problemleri de giderilebilir. Ki\u015fiye \u00f6zel planlama ile y\u00fczle uyumlu, do\u011fal bir g\u00f6r\u00fcn\u00fcm elde edilir. Burun esteti\u011fi ameliyat\u0131 nas\u0131l [&hellip;]<\/p>\n","protected":false},"author":1,"featured_media":7407,"comment_status":"open","ping_status":"open","sticky":false,"template":"","format":"standard","meta":{"footnotes":""},"categories":[10],"tags":[2981,2940,3742,3743,3741],"class_list":["post-7405","post","type-post","status-publish","format-standard","has-post-thumbnail","hentry","category-saglik","tag-burun-ameliyati","tag-burun-estetigi","tag-kepce-kulak-ameliyati","tag-kulak-estetigi","tag-revizyon-rinoplasti"],"_links":{"self":[{"href":"https:\/\/ademocut.com\/blog\/wp-json\/wp\/v2\/posts\/7405","targetHints":{"allow":["GET"]}}],"collection":[{"href":"https:\/\/ademocut.com\/blog\/wp-json\/wp\/v2\/posts"}],"about":[{"href":"https:\/\/ademocut.com\/blog\/wp-json\/wp\/v2\/types\/post"}],"author":[{"embeddable":true,"href":"https:\/\/ademocut.com\/blog\/wp-json\/wp\/v2\/users\/1"}],"replies":[{"embeddable":true,"href":"https:\/\/ademocut.com\/blog\/wp-json\/wp\/v2\/comments?post=7405"}],"version-history":[{"count":1,"href":"https:\/\/ademocut.com\/blog\/wp-json\/wp\/v2\/posts\/7405\/revisions"}],"predecessor-version":[{"id":7406,"href":"https:\/\/ademocut.com\/blog\/wp-json\/wp\/v2\/posts\/7405\/revisions\/7406"}],"wp:featuredmedia":[{"embeddable":true,"href":"https:\/\/ademocut.com\/blog\/wp-json\/wp\/v2\/media\/7407"}],"wp:attachment":[{"href":"https:\/\/ademocut.com\/blog\/wp-json\/wp\/v2\/media?parent=7405"}],"wp:term":[{"taxonomy":"category","embeddable":true,"href":"https:\/\/ademocut.com\/blog\/wp-json\/wp\/v2\/categories?post=7405"},{"taxonomy":"post_tag","embeddable":true,"href":"https:\/\/ademocut.com\/blog\/wp-json\/wp\/v2\/tags?post=7405"}],"curies":[{"name":"wp","href":"https:\/\/api.w.org\/{rel}","templated":true}]}}