{"id":7399,"date":"2026-04-04T22:23:00","date_gmt":"2026-04-04T19:23:00","guid":{"rendered":"https:\/\/ademocut.com\/blog\/?p=7399"},"modified":"2026-04-28T22:26:41","modified_gmt":"2026-04-28T19:26:41","slug":"burun-estetigi-nedir-ve-neden-yapilir","status":"publish","type":"post","link":"https:\/\/ademocut.com\/blog\/burun-estetigi-nedir-ve-neden-yapilir\/","title":{"rendered":"Burun esteti\u011fi nedir ve neden yap\u0131l\u0131r?"},"content":{"rendered":"<p>Burun esteti\u011fi, t\u0131bbi ad\u0131yla rinoplasti, burnun \u015feklini ve fonksiyonunu iyile\u015ftirmek amac\u0131yla yap\u0131lan cerrahi bir i\u015flemdir. Estetik a\u00e7\u0131dan daha dengeli bir y\u00fcz g\u00f6r\u00fcn\u00fcm\u00fc elde etmek isteyen ki\u015filer taraf\u0131ndan tercih edilirken, ayn\u0131 zamanda nefes alma problemlerinin giderilmesi i\u00e7in de uygulanabilir. Burun kemeri, burun ucu d\u00fc\u015f\u00fckl\u00fc\u011f\u00fc, geni\u015f burun yap\u0131s\u0131 veya do\u011fu\u015ftan gelen \u015fekil bozukluklar\u0131 <span style=\"color: #0000ff;\"><strong><a style=\"color: #0000ff;\" href=\"https:\/\/www.doktorkbb.com\/burun-estetigi\/\">burun esteti\u011fi<\/a><\/strong><\/span> ile d\u00fczeltilebilir. Ki\u015fiye \u00f6zel planlama yap\u0131lmas\u0131, do\u011fal ve y\u00fczle uyumlu sonu\u00e7lar elde edilmesini sa\u011flar.<\/p>\n<h2>Burun esteti\u011fi kimler i\u00e7in uygundur?<\/h2>\n<p>Burun esteti\u011fi, genellikle 18 ya\u015f\u0131n\u0131 doldurmu\u015f ve y\u00fcz geli\u015fimini tamamlam\u0131\u015f bireyler i\u00e7in uygundur. Estetik kayg\u0131lar\u0131n\u0131n yan\u0131 s\u0131ra fonksiyonel problemleri olan ki\u015filer de bu ameliyat\u0131 tercih edebilir. Ancak ki\u015finin genel sa\u011fl\u0131k durumunun iyi olmas\u0131 ve ameliyata engel bir durumunun bulunmamas\u0131 gerekir. Uzman doktor taraf\u0131ndan yap\u0131lan detayl\u0131 de\u011ferlendirme sonras\u0131 uygun aday olup olmad\u0131\u011f\u0131 belirlenir.<\/p>\n<h2>Burun esteti\u011fi ameliyat\u0131 nas\u0131l yap\u0131l\u0131r?<\/h2>\n<p>Burun esteti\u011fi ameliyat\u0131 a\u00e7\u0131k veya kapal\u0131 teknikle ger\u00e7ekle\u015ftirilebilir. A\u00e7\u0131k rinoplastide burun alt k\u0131sm\u0131nda k\u00fc\u00e7\u00fck bir kesi yap\u0131l\u0131rken, kapal\u0131 y\u00f6ntemde t\u00fcm i\u015flemler burun i\u00e7inden ger\u00e7ekle\u015ftirilir. Ameliyat s\u0131ras\u0131nda kemik ve k\u0131k\u0131rdak yap\u0131lar yeniden \u015fekillendirilir. \u0130\u015flem genellikle genel anestezi alt\u0131nda yap\u0131l\u0131r ve ortalama 1-3 saat s\u00fcrer. Kullan\u0131lan teknik, hastan\u0131n ihtiya\u00e7lar\u0131na g\u00f6re belirlenir.<\/p>\n<h2>Burun esteti\u011fi sonras\u0131 iyile\u015fme s\u00fcreci nas\u0131ld\u0131r?<\/h2>\n<p>Ameliyat sonras\u0131 ilk birka\u00e7 g\u00fcn hafif \u015fi\u015flik ve morluk olu\u015fmas\u0131 normaldir. Genellikle 1 hafta i\u00e7inde burun \u00fczerindeki atel \u00e7\u0131kar\u0131l\u0131r ve ki\u015fi g\u00fcnl\u00fck hayat\u0131na d\u00f6nebilir. Ancak burunun tam \u015feklini almas\u0131 birka\u00e7 ay s\u00fcrebilir. \u0130yile\u015fme s\u00fcrecinde doktorun \u00f6nerilerine uyulmas\u0131, sonu\u00e7lar\u0131n ba\u015far\u0131s\u0131 a\u00e7\u0131s\u0131ndan olduk\u00e7a \u00f6nemlidir.<\/p>\n<h2>Burun esteti\u011fi a\u011fr\u0131l\u0131 bir i\u015flem midir?<\/h2>\n<p>Burun esteti\u011fi ameliyat\u0131 s\u0131ras\u0131nda genel anestezi uyguland\u0131\u011f\u0131 i\u00e7in hasta herhangi bir a\u011fr\u0131 hissetmez. Ameliyat sonras\u0131nda ise hafif bir rahats\u0131zl\u0131k hissi olabilir ancak bu durum genellikle a\u011fr\u0131 kesiciler ile kolayca kontrol alt\u0131na al\u0131n\u0131r. \u00c7o\u011fu hasta s\u00fcreci bekledi\u011finden daha konforlu ge\u00e7irir.<\/p>\n<h2>Burun esteti\u011fi sonras\u0131 nelere dikkat edilmelidir?<\/h2>\n<p>\u0130yile\u015fme s\u00fcrecinde buruna darbe almaktan ka\u00e7\u0131n\u0131lmal\u0131, y\u00fcz \u00fcst\u00fc yat\u0131lmamal\u0131 ve a\u011f\u0131r egzersizlerden uzak durulmal\u0131d\u0131r. Ayr\u0131ca doktorun verdi\u011fi ila\u00e7lar d\u00fczenli kullan\u0131lmal\u0131 ve kontroller aksat\u0131lmamal\u0131d\u0131r. G\u00fcne\u015ften korunmak da cilt sa\u011fl\u0131\u011f\u0131 a\u00e7\u0131s\u0131ndan \u00f6nemlidir.<\/p>\n<h2>Burun esteti\u011fi kal\u0131c\u0131 m\u0131d\u0131r?<\/h2>\n<p>Burun esteti\u011fi kal\u0131c\u0131 bir i\u015flemdir. Ameliyat sonras\u0131 elde edilen \u015fekil uzun y\u0131llar korunur. Ancak ya\u015flanma s\u00fcreci ve cilt yap\u0131s\u0131 gibi fakt\u00f6rler zamanla k\u00fc\u00e7\u00fck de\u011fi\u015fimlere neden olabilir. Yine de genel g\u00f6r\u00fcn\u00fcm b\u00fcy\u00fck \u00f6l\u00e7\u00fcde sabit kal\u0131r.<\/p>\n<h2>Burun esteti\u011fi sonras\u0131 sonu\u00e7lar ne zaman netle\u015fir?<\/h2>\n<p>Ameliyat sonras\u0131 ilk haftalarda burunda \u015fi\u015flik olabilece\u011fi i\u00e7in sonu\u00e7lar tam olarak net g\u00f6r\u00fclmeyebilir. Genellikle 3-6 ay i\u00e7inde burun \u015fekli belirginle\u015fir ve 1 y\u0131l sonunda nihai sonu\u00e7 ortaya \u00e7\u0131kar. Sab\u0131rl\u0131 olmak bu s\u00fcre\u00e7te olduk\u00e7a \u00f6nemlidir.<\/p>\n<h2>Burun esteti\u011fi do\u011fal g\u00f6r\u00fcn\u00fcr m\u00fc?<\/h2>\n<p>Do\u011fru planlama ve deneyimli bir cerrah ile yap\u0131lan burun esteti\u011fi son derece do\u011fal g\u00f6r\u00fcn\u00fcr. Ama\u00e7, ki\u015finin y\u00fcz hatlar\u0131na uygun ve dikkat \u00e7ekmeyen bir burun yap\u0131s\u0131 olu\u015fturmakt\u0131r. A\u015f\u0131r\u0131 m\u00fcdahaleden ka\u00e7\u0131n\u0131ld\u0131\u011f\u0131nda estetik ve dengeli sonu\u00e7lar elde edilir.<\/p>\n<h2>Burun esteti\u011fi riskli midir?<\/h2>\n<p>Her cerrahi i\u015flemde oldu\u011fu gibi burun esteti\u011finde de baz\u0131 riskler bulunur ancak deneyimli bir cerrah taraf\u0131ndan yap\u0131ld\u0131\u011f\u0131nda bu riskler olduk\u00e7a d\u00fc\u015f\u00fckt\u00fcr. Enfeksiyon, kanama veya istenmeyen sonu\u00e7lar nadir g\u00f6r\u00fcl\u00fcr.<\/p>\n<h2>Burun esteti\u011fi fiyatlar\u0131 neye g\u00f6re de\u011fi\u015fir?<\/h2>\n<p>Fiyatlar; doktorun deneyimi, hastanenin donan\u0131m\u0131, kullan\u0131lan teknik ve yap\u0131lacak i\u015flemin kapsam\u0131na g\u00f6re de\u011fi\u015fiklik g\u00f6sterir. Ki\u015fiye \u00f6zel planlama yap\u0131ld\u0131\u011f\u0131 i\u00e7in net fiyat muayene sonras\u0131 belirlenir.<\/p>\n<h2>Burun esteti\u011fi tekrar yap\u0131labilir mi?<\/h2>\n<p>Evet, gerekli durumlarda revizyon burun esteti\u011fi yap\u0131labilir. \u0130lk ameliyattan sonra istenilen sonu\u00e7 elde edilmemi\u015fse veya zamanla de\u011fi\u015fiklik olmu\u015fsa ikinci bir operasyon planlanabilir.<\/p>\n<h2>Burun esteti\u011fi nefes almay\u0131 etkiler mi?<\/h2>\n<p>Do\u011fru yap\u0131lan bir burun esteti\u011fi, nefes almay\u0131 olumsuz etkilemez. Aksine, deviasyon gibi problemler d\u00fczeltilerek solunum daha sa\u011fl\u0131kl\u0131 hale getirilebilir.<\/p>\n<p>&nbsp;<\/p>\n","protected":false},"excerpt":{"rendered":"<p>Burun esteti\u011fi, t\u0131bbi ad\u0131yla rinoplasti, burnun \u015feklini ve fonksiyonunu iyile\u015ftirmek amac\u0131yla yap\u0131lan cerrahi bir i\u015flemdir. Estetik a\u00e7\u0131dan daha dengeli bir y\u00fcz g\u00f6r\u00fcn\u00fcm\u00fc elde etmek isteyen ki\u015filer taraf\u0131ndan tercih edilirken, ayn\u0131 zamanda nefes alma problemlerinin giderilmesi i\u00e7in de uygulanabilir. Burun kemeri, burun ucu d\u00fc\u015f\u00fckl\u00fc\u011f\u00fc, geni\u015f burun yap\u0131s\u0131 veya do\u011fu\u015ftan gelen \u015fekil bozukluklar\u0131 burun esteti\u011fi ile d\u00fczeltilebilir. [&hellip;]<\/p>\n","protected":false},"author":1,"featured_media":7401,"comment_status":"open","ping_status":"open","sticky":false,"template":"","format":"standard","meta":{"footnotes":""},"categories":[10],"tags":[2981,2940,3728,3737,2977],"class_list":["post-7399","post","type-post","status-publish","format-standard","has-post-thumbnail","hentry","category-saglik","tag-burun-ameliyati","tag-burun-estetigi","tag-burun-estetigi-fiyatlari","tag-dogal-burun-estetigi","tag-rinoplasti"],"_links":{"self":[{"href":"https:\/\/ademocut.com\/blog\/wp-json\/wp\/v2\/posts\/7399","targetHints":{"allow":["GET"]}}],"collection":[{"href":"https:\/\/ademocut.com\/blog\/wp-json\/wp\/v2\/posts"}],"about":[{"href":"https:\/\/ademocut.com\/blog\/wp-json\/wp\/v2\/types\/post"}],"author":[{"embeddable":true,"href":"https:\/\/ademocut.com\/blog\/wp-json\/wp\/v2\/users\/1"}],"replies":[{"embeddable":true,"href":"https:\/\/ademocut.com\/blog\/wp-json\/wp\/v2\/comments?post=7399"}],"version-history":[{"count":1,"href":"https:\/\/ademocut.com\/blog\/wp-json\/wp\/v2\/posts\/7399\/revisions"}],"predecessor-version":[{"id":7400,"href":"https:\/\/ademocut.com\/blog\/wp-json\/wp\/v2\/posts\/7399\/revisions\/7400"}],"wp:featuredmedia":[{"embeddable":true,"href":"https:\/\/ademocut.com\/blog\/wp-json\/wp\/v2\/media\/7401"}],"wp:attachment":[{"href":"https:\/\/ademocut.com\/blog\/wp-json\/wp\/v2\/media?parent=7399"}],"wp:term":[{"taxonomy":"category","embeddable":true,"href":"https:\/\/ademocut.com\/blog\/wp-json\/wp\/v2\/categories?post=7399"},{"taxonomy":"post_tag","embeddable":true,"href":"https:\/\/ademocut.com\/blog\/wp-json\/wp\/v2\/tags?post=7399"}],"curies":[{"name":"wp","href":"https:\/\/api.w.org\/{rel}","templated":true}]}}