{"id":612,"date":"2018-04-05T12:11:22","date_gmt":"2018-04-05T09:11:22","guid":{"rendered":"https:\/\/ademocut.com\/blog\/?p=612"},"modified":"2021-01-04T21:38:12","modified_gmt":"2021-01-04T18:38:12","slug":"facebook-basvuru-kanallari","status":"publish","type":"post","link":"https:\/\/ademocut.com\/blog\/facebook-basvuru-kanallari\/","title":{"rendered":"Facebook Ba\u015fvuru Kanallar\u0131"},"content":{"rendered":"<p>Bilindi\u011fi \u00fczere Facebook 2004 y\u0131l\u0131nda Mark Zuckerberg taraf\u0131ndan ilk etapta sadece Harvard \u00dcniversitesi gen\u00e7leri aras\u0131ndaki ileti\u015fimi sa\u011flama i\u00e7in kurulmu\u015ftur.<\/p>\n<p><span style=\"color: #0000ff;\"><a style=\"color: #0000ff;\" href=\"https:\/\/ademocut.com\/facebook-yardim-destek-ve-sikayet-hatti\/\"><strong>Facebook ileti\u015fim<\/strong><\/a>\u00a0<\/span>sa\u011flayadursun \u00e7ok k\u0131sa s\u00fcrede \u00fcn\u00fc \u00fcniversite s\u0131n\u0131rlar\u0131n\u0131 a\u015fm\u0131\u015ft\u0131r. Zamanla di\u011fer \u00fcniversiteler taraf\u0131ndan ke\u015ffedilince okullar aras\u0131nda sosyal bir a\u011f kurulmas\u0131na yard\u0131mc\u0131 olmu\u015f ve kurulu\u015fundan sadece 3 y\u0131l sonra yani 2007 y\u0131l\u0131nda d\u00fcnyan\u0131n en \u00e7ok ziyaret edilen 7. Sitesi olmay\u0131 ba\u015farm\u0131\u015ft\u0131r.<\/p>\n<p>G\u00fcn\u00fcm\u00fczde ise en \u00e7ok kullan\u0131lan sosyal medya mecras\u0131 olmay\u0131 ba\u015faran Facebook, 2007 y\u0131l\u0131ndaki s\u0131ralamas\u0131n\u0131 y\u00fckselterek 3. s\u0131raya yerle\u015fmi\u015ftir. Facebook\u2019un olduk\u00e7a fazla kullan\u0131lmas\u0131 kullan\u0131c\u0131 memnuniyeti a\u00e7\u0131s\u0131ndan do\u011fabilecek baz\u0131 problemleri de haliyle beraberinde getiriyor.<\/p>\n<p>Facebook \u015fikayet\u00a0nedenlerini yaz\u0131m\u0131z\u0131n ilerleyen b\u00f6l\u00fcmlerinde ele alaca\u011f\u0131z ama, \u00f6ncelikle en basitinden<span style=\"color: #0000ff;\"><strong>\u00a0<a style=\"color: #0000ff;\" href=\"https:\/\/ademocut.com\/facebook-yardim-destek-ve-sikayet-hatti\/\">Facebook hesab\u0131ma giremiyorum<\/a><\/strong><\/span>\u00a0diyorsan\u0131z; Facebook ileti\u015fim formu ile bu probleminizin ortadan kalkmas\u0131n\u0131 sa\u011flayabilirsiniz. Hesab\u0131n\u0131za giri\u015f yapamad\u0131\u011f\u0131n\u0131z\u0131n \u00e7e\u015fitli sebepleri olabiliyor. Hesap \u015fifrenizi yanl\u0131\u015f hat\u0131rl\u0131yor olman\u0131z g\u00fc\u00e7l\u00fc bir ihtimal olsa da zaman zaman hesaplar\u0131n \u00e7al\u0131nmas\u0131 durumu da s\u00f6z konusu olabiliyor.<\/p>\n<h2>Ne Yapacaks\u0131n\u0131z?<\/h2>\n<p>E\u011fer giri\u015f a\u015famas\u0131nda ilgili yere yazd\u0131\u011f\u0131n\u0131z \u015fifrenin do\u011fru oldu\u011fundan eminseniz, hesab\u0131n\u0131z\u0131n ba\u015fkalar\u0131n\u0131n eline ge\u00e7ti\u011fi ihtimali g\u00fc\u00e7lenecektir. B\u00f6yle bir durumda yard\u0131m merkezinden \u00f6nce hesap \u00e7al\u0131nd\u0131 ba\u015fvurusunda bulunman\u0131z gerekmektedir. Sonras\u0131nda ise Facebook giri\u015f ba\u015fvurusunda bulunabilirsiniz.<\/p>\n<p>Facebook\u2019a giri\u015f sorunu ile ilgili kar\u015f\u0131n\u0131za \u00e7\u0131kabilecek di\u011fer problemler;<\/p>\n<ul>\n<li>Facebook \u015fifresi s\u0131f\u0131rlama sorunu<\/li>\n<li>Hesap \u00e7al\u0131nd\u0131 ba\u015fvurusundan sonra yap\u0131lacak ba\u015fvuru<\/li>\n<li>Facebook hesab\u0131ma giri\u015f s\u0131ras\u0131nda hata ile kar\u015f\u0131la\u015f\u0131yorum<\/li>\n<li>Facebook giri\u015fi s\u0131ras\u0131nda kar\u015f\u0131n\u0131za \u00e7\u0131kan daha sonra tekrar dene hatas\u0131<\/li>\n<li>Kullan\u0131c\u0131 bilgilerini girdikten sonra sayfan\u0131n ba\u015fa d\u00f6nmesi sorunu<\/li>\n<li>Kodmatik ve di\u011fer do\u011frulama sorunu<\/li>\n<li>Sisteme kay\u0131tl\u0131 cep telefonu ve e-mailinize ula\u015famama nedeniyle ya\u015fayabilece\u011finiz problemler olarak maddelendirilebilir.<\/li>\n<\/ul>\n<p>\u00d6te yandan Facebook\u2019ta \u015fikayet etmeniz ve sizi buna mecbur eden baz\u0131 problemlerle kar\u015f\u0131la\u015fabileceksiniz. Sahte hesaplar\u0131, sizi rahats\u0131z eden hesaplar\u0131, sizi taklit eden hesaplar\u0131, sizin ve yak\u0131nlar\u0131n\u0131z\u0131n foto\u011fraflar\u0131n\u0131 kullanan hesaplar\u0131, tehdit ve taciz\/\u015fantaj s\u00f6z konusu oldu\u011funda, birileri sizin e-postan\u0131z\u0131 kulland\u0131\u011f\u0131nda, Facebook\u2019ta olmamas\u0131 gereken gruplar\u0131 ve sayfalar \u015fikayet edebilirsiniz.\u00a0 K\u0131sacas\u0131 \u015fikayet etmek istedi\u011finiz konu her ne olursa olsun, yard\u0131m merkezinden ilgili sekmelerin takip ederek kar\u015f\u0131n\u0131za \u00e7\u0131kan bilgilendirme makalelerini okuyarak neyi, nas\u0131l, nereye \u015fikayet edebilece\u011finiz konusunda yard\u0131m alabilirsiniz. Gerekli y\u00f6nlendirmeler a\u00e7\u0131k bir \u015fekilde yard\u0131m merkezi taraf\u0131ndan gayet a\u00e7\u0131klay\u0131c\u0131 bir \u015fekilde yap\u0131lmakta.<\/p>\n<p><strong>Facebook \u015fikayet<\/strong><strong>\u00a0<\/strong>ve talepleriniz ile ilgili T\u00fcrkiye\u2019de direkt olarak ba\u015fvuraca\u011f\u0131n\u0131z resmi bir merci yok. Yani \u00fclkemizde Facebook\u2019un temsilcisi niteli\u011finde bir b\u00fcro veya kurulu\u015f bulunmuyor. Facebook kullan\u0131m\u0131 ile ilgili kar\u015f\u0131n\u0131za \u00e7\u0131kabilecek sorunlarda e\u011fer tek ba\u015f\u0131n\u0131za bu problemlerin \u00fcstesinden gelecek bilgi birikiminiz ve tecr\u00fcbeniz yoksa &#8220;<strong>andronova&#8221; <\/strong>adresimize gelerek uzman ekibimizden yard\u0131m isteyebilirsiniz. Bize ileti\u015fim yollar\u0131m\u0131z arac\u0131l\u0131\u011f\u0131 ile ula\u015ft\u0131\u011f\u0131n\u0131z taktirde en k\u0131sa s\u00fcrede size d\u00f6n\u00fc\u015f sa\u011flayarak problemi ortadan kald\u0131r\u0131yoruz.<\/p>\n","protected":false},"excerpt":{"rendered":"<p>Bilindi\u011fi \u00fczere Facebook 2004 y\u0131l\u0131nda Mark Zuckerberg taraf\u0131ndan ilk etapta sadece Harvard \u00dcniversitesi gen\u00e7leri aras\u0131ndaki ileti\u015fimi sa\u011flama i\u00e7in kurulmu\u015ftur. Facebook ileti\u015fim\u00a0sa\u011flayadursun \u00e7ok k\u0131sa s\u00fcrede \u00fcn\u00fc \u00fcniversite s\u0131n\u0131rlar\u0131n\u0131 a\u015fm\u0131\u015ft\u0131r. Zamanla di\u011fer \u00fcniversiteler taraf\u0131ndan ke\u015ffedilince okullar aras\u0131nda sosyal bir a\u011f kurulmas\u0131na yard\u0131mc\u0131 olmu\u015f ve kurulu\u015fundan sadece 3 y\u0131l sonra yani 2007 y\u0131l\u0131nda d\u00fcnyan\u0131n en \u00e7ok ziyaret edilen [&hellip;]<\/p>\n","protected":false},"author":1,"featured_media":0,"comment_status":"open","ping_status":"open","sticky":false,"template":"","format":"standard","meta":{"footnotes":""},"categories":[13],"tags":[372,374,373],"class_list":["post-612","post","type-post","status-publish","format-standard","hentry","category-internet","tag-facebook-iletisim","tag-facebook-sikayet","tag-facebook-sikayet-etme"],"_links":{"self":[{"href":"https:\/\/ademocut.com\/blog\/wp-json\/wp\/v2\/posts\/612","targetHints":{"allow":["GET"]}}],"collection":[{"href":"https:\/\/ademocut.com\/blog\/wp-json\/wp\/v2\/posts"}],"about":[{"href":"https:\/\/ademocut.com\/blog\/wp-json\/wp\/v2\/types\/post"}],"author":[{"embeddable":true,"href":"https:\/\/ademocut.com\/blog\/wp-json\/wp\/v2\/users\/1"}],"replies":[{"embeddable":true,"href":"https:\/\/ademocut.com\/blog\/wp-json\/wp\/v2\/comments?post=612"}],"version-history":[{"count":9,"href":"https:\/\/ademocut.com\/blog\/wp-json\/wp\/v2\/posts\/612\/revisions"}],"predecessor-version":[{"id":2979,"href":"https:\/\/ademocut.com\/blog\/wp-json\/wp\/v2\/posts\/612\/revisions\/2979"}],"wp:attachment":[{"href":"https:\/\/ademocut.com\/blog\/wp-json\/wp\/v2\/media?parent=612"}],"wp:term":[{"taxonomy":"category","embeddable":true,"href":"https:\/\/ademocut.com\/blog\/wp-json\/wp\/v2\/categories?post=612"},{"taxonomy":"post_tag","embeddable":true,"href":"https:\/\/ademocut.com\/blog\/wp-json\/wp\/v2\/tags?post=612"}],"curies":[{"name":"wp","href":"https:\/\/api.w.org\/{rel}","templated":true}]}}